{"id":6095,"date":"2026-02-23T21:40:13","date_gmt":"2026-02-23T21:40:13","guid":{"rendered":"https:\/\/alow.com.mx\/?p=6095"},"modified":"2026-02-23T23:42:00","modified_gmt":"2026-02-23T23:42:00","slug":"escenario-logistico-actual-en-mexico","status":"publish","type":"post","link":"https:\/\/alow.com.mx\/en\/escenario-logistico-actual-en-mexico\/","title":{"rendered":"Escenario Log\u00edstico Actual en M\u00e9xico"},"content":{"rendered":"\t\t<div data-elementor-type=\"wp-post\" data-elementor-id=\"6095\" class=\"elementor elementor-6095\" data-elementor-post-type=\"post\">\n\t\t\t\t\t\t<section class=\"elementor-section elementor-top-section elementor-element elementor-element-1a7564f elementor-section-boxed elementor-section-height-default elementor-section-height-default\" data-id=\"1a7564f\" data-element_type=\"section\" data-e-type=\"section\">\n\t\t\t\t\t\t<div class=\"elementor-container elementor-column-gap-default\">\n\t\t\t\t\t<div class=\"elementor-column elementor-col-100 elementor-top-column elementor-element elementor-element-8f66d4a\" data-id=\"8f66d4a\" data-element_type=\"column\" data-e-type=\"column\">\n\t\t\t<div class=\"elementor-widget-wrap elementor-element-populated\">\n\t\t\t\t\t\t<div class=\"elementor-element elementor-element-a9ac002 elementor-widget elementor-widget-html\" data-id=\"a9ac002\" data-element_type=\"widget\" data-e-type=\"widget\" data-widget_type=\"html.default\">\n\t\t\t\t<div class=\"elementor-widget-container\">\n\t\t\t\t\t<style>\r\nhtml { scroll-behavior: smooth; }\r\n\r\n\/* ===== Layout ===== *\/\r\n.post-with-toc{\r\n  display:grid;\r\n  grid-template-columns:260px 1fr;\r\n  gap:28px;\r\n  align-items:start;\r\n}\r\n\r\n.title-orange{\r\n  color:#d26a00 !important;\r\n}\r\n\r\n\/* ===== Men\u00fa flotante con scroll y scrollbar bonita ===== *\/\r\n.toc-float{\r\n  position:sticky;\r\n  top:90px;\r\n  max-height:calc(100vh - 110px);\r\n  overflow:auto;\r\n  border-left:3px solid #111;\r\n  padding-left:14px;\r\n  padding-right:10px;\r\n\r\n  \/* Firefox *\/\r\n  scrollbar-width: thin;\r\n  scrollbar-color: rgba(17,17,17,.45) rgba(0,0,0,.06);\r\n}\r\n\r\n\/* Chrome \/ Edge \/ Safari *\/\r\n.toc-float::-webkit-scrollbar{ width:10px; }\r\n.toc-float::-webkit-scrollbar-track{\r\n  background:rgba(0,0,0,.05);\r\n  border-radius:999px;\r\n  margin:6px 0;\r\n}\r\n.toc-float::-webkit-scrollbar-thumb{\r\n  background:rgba(17,17,17,.38);\r\n  border-radius:999px;\r\n  border:2px solid rgba(255,255,255,.85);\r\n}\r\n.toc-float::-webkit-scrollbar-thumb:hover{\r\n  background:rgba(17,17,17,.55);\r\n}\r\n\r\n\/* ===== Bot\u00f3n traducci\u00f3n peque\u00f1o (arriba del t\u00edtulo) ===== *\/\r\n.translate-btn{\r\n  width:100%;\r\n  margin:0 0 12px 0;\r\n  padding:6px 8px;\r\n  font-size:12px;\r\n  font-weight:900;\r\n  border:0;\r\n  border-radius:10px;\r\n  cursor:pointer;\r\n  background:#d26a00;\r\n  color:#fff;\r\n}\r\n.translate-btn:disabled{\r\n  opacity:.7;\r\n  cursor:not-allowed;\r\n}\r\n\r\n.toc-title{\r\n  font-size:13px;\r\n  font-weight:900;\r\n  letter-spacing:.5px;\r\n  text-transform:uppercase;\r\n  margin-bottom:10px;\r\n}\r\n\r\n\/* ===== Acorde\u00f3n (guardar\/plegar) ===== *\/\r\n.toc-group{\r\n  margin:0 0 14px 0;\r\n  padding:0 0 14px 0;\r\n  border-bottom:1px solid #e6e6e6;\r\n}\r\n.toc-group:last-of-type{ border-bottom:none; padding-bottom:0; }\r\n\r\n.toc-group-btn{\r\n  width:100%;\r\n  display:flex;\r\n  align-items:center;\r\n  justify-content:space-between;\r\n  gap:10px;\r\n\r\n  border:0;\r\n  background:transparent;\r\n  padding:8px 0;\r\n  cursor:pointer;\r\n\r\n  font-size:12px;\r\n  font-weight:900;\r\n  text-transform:uppercase;\r\n  letter-spacing:.4px;\r\n  color:#111;\r\n}\r\n\r\n.toc-chevron{\r\n  transition:transform .2s ease;\r\n  font-size:14px;\r\n  line-height:1;\r\n  opacity:.9;\r\n}\r\n.toc-group.is-collapsed .toc-chevron{ transform:rotate(-90deg); }\r\n\r\n.toc-group ul{\r\n  max-height:900px;\r\n  overflow:hidden;\r\n  transition:max-height .25s ease, opacity .25s ease;\r\n  opacity:1;\r\n}\r\n.toc-group.is-collapsed ul{ max-height:0; opacity:0; }\r\n\r\n\/* Links men\u00fa *\/\r\n.toc-float ul{list-style:none;padding:0;margin:0;}\r\n.toc-float li{margin:9px 0;}\r\n.toc-float a{\r\n  text-decoration:none !important;\r\n  color:#111;\r\n  font-weight:700;\r\n  font-size:14px;\r\n  border-bottom:1px solid transparent;\r\n  display:inline-block;\r\n  line-height:1.25;\r\n}\r\n.toc-float a:hover{ border-bottom:1px solid #111; }\r\n.toc-float a.is-active{\r\n  font-weight:900;\r\n  border-bottom:2px solid #111;\r\n}\r\n\r\n.toc-top{\r\n  display:inline-block;\r\n  margin-top:14px;\r\n  font-size:13px;\r\n  font-weight:900;\r\n  text-decoration:none;\r\n}\r\n\r\n\/* ===== Contenido ===== *\/\r\n.news-container h1{margin-top:0;line-height:1.1;color:#111;}\r\n.news-container p{margin:12px 0;color:#222;}\r\n\r\n\/* Acento naranja sin exagerar *\/\r\n.news-container h2{\r\n  margin-top:34px;\r\n  color:#d26a00;\r\n  font-weight:900;\r\n}\r\n.news-container h3{\r\n  margin-top:26px;\r\n  color:#111;\r\n  font-weight:900;\r\n  border-left:3px solid #d26a00;\r\n  padding-left:10px;\r\n}\r\n\r\n.section-divider{\r\n  margin:44px 0;\r\n  border:0;\r\n  border-top:1px solid #e6e6e6;\r\n}\r\n\r\n\/* im\u00e1genes *\/\r\n.hero img,\r\n.inline-img img{\r\n  width:100%;\r\n  border-radius:12px;\r\n  display:block;\r\n}\r\n.caption{\r\n  font-size:12.5px;\r\n  color:#666;\r\n  margin-top:6px;\r\n}\r\n\r\n\/* destacado *\/\r\n.note{\r\n  border-left:3px solid #d26a00;\r\n  padding-left:12px;\r\n  margin:14px 0;\r\n  font-weight:700;\r\n  color:#111;\r\n}\r\n\r\n\/* ===== Animaci\u00f3n scroll ===== *\/\r\n.reveal{\r\n  opacity:0;\r\n  transform:translateY(15px);\r\n  transition:all .6s ease;\r\n}\r\n.reveal.visible{\r\n  opacity:1;\r\n  transform:translateY(0);\r\n}\r\n<\/style>\r\n\r\n<div class=\"post-with-toc\">\r\n\r\n  <!-- ================== TOC ================== -->\r\n  <nav class=\"toc-float\" aria-label=\"Tabla de contenidos\">\r\n\r\n    <!-- Bot\u00f3n arriba del t\u00edtulo -->\r\n    <button id=\"translate-btn\" type=\"button\" class=\"translate-btn\">English<\/button>\r\n\r\n    <div class=\"toc-title\">Tabla de contenidos<\/div>\r\n\r\n    <div class=\"toc-group\" data-group=\"terrestre\">\r\n      <button class=\"toc-group-btn\" type=\"button\" aria-expanded=\"true\">\r\n        Terrestre\r\n        <span class=\"toc-chevron\">\u25be<\/span>\r\n      <\/button>\r\n      <ul>\r\n        <li><a href=\"#n1_top\">Inicio<\/a><\/li>\r\n        <li><a href=\"#n1_datos\">Datos generales<\/a><\/li>\r\n        <li><a href=\"#n1_estados\">Estados y v\u00edas<\/a><\/li>\r\n        <li><a href=\"#n1_nota\">Nota clave<\/a><\/li>\r\n        <li><a href=\"#n1_corredores\">Corredores<\/a><\/li>\r\n        <li><a href=\"#n1_riesgo\">Riesgo hoy<\/a><\/li>\r\n        <li><a href=\"#n1_seguimiento\">Seguimiento<\/a><\/li>\r\n        <li><a href=\"#n1_puertos\">Puertos<\/a><\/li>\r\n        <li><a href=\"#n1_tijuana\">Aduana Tijuana<\/a><\/li>\r\n      <\/ul>\r\n    <\/div>\r\n\r\n    <div class=\"toc-group\" data-group=\"aereo\">\r\n      <button class=\"toc-group-btn\" type=\"button\" aria-expanded=\"true\">\r\n        A\u00e9reo\r\n        <span class=\"toc-chevron\">\u25be<\/span>\r\n      <\/button>\r\n      <ul>\r\n        <li><a href=\"#n2_top\">Inicio<\/a><\/li>\r\n        <li><a href=\"#n2_resumen\">Resumen<\/a><\/li>\r\n        <li><a href=\"#n2_cancelaciones\">Cancelaciones y retrasos<\/a><\/li>\r\n        <li><a href=\"#n2_aerolineas\">Aerol\u00edneas<\/a><\/li>\r\n        <li><a href=\"#n2_carga\">Carga a\u00e9rea<\/a><\/li>\r\n      <\/ul>\r\n    <\/div>\r\n\r\n    <div class=\"toc-group\" data-group=\"maritimo\">\r\n      <button class=\"toc-group-btn\" type=\"button\" aria-expanded=\"true\">\r\n        Mar\u00edtimo\r\n        <span class=\"toc-chevron\">\u25be<\/span>\r\n      <\/button>\r\n      <ul>\r\n        <li><a href=\"#n3_top\">Inicio<\/a><\/li>\r\n        <li><a href=\"#n3_actualizacion\">Actualizaci\u00f3n operativa<\/a><\/li>\r\n        <li><a href=\"#n3_recomendaciones\">Recomendaciones<\/a><\/li>\r\n      <\/ul>\r\n    <\/div>\r\n\r\n    <a class=\"toc-top\" href=\"#n1_top\">\u2b06 Volver al inicio<\/a>\r\n  <\/nav>\r\n\r\n  <!-- ================== CONTENIDO ================== -->\r\n  <article class=\"news-container\">\r\n\r\n    <!-- ========================================================= -->\r\n    <!-- ====================== TERRESTRE ======================== -->\r\n    <!-- ========================================================= -->\r\n\r\n    <h1 id=\"n1_top\" class=\"reveal title-orange\">\r\n  Ola de bloqueos carreteros tras operativo contra \u201cEl Mencho\u201d\r\n<\/h1>\r\n\r\n    <div class=\"hero reveal\">\r\n      <img decoding=\"async\" src=\"https:\/\/alow.com.mx\/wp-content\/uploads\/2026\/02\/2.jpg\" alt=\"Bloqueos carreteros en M\u00e9xico\" loading=\"lazy\">\r\n      <div class=\"caption\">Bloqueos reportados en distintas regiones del pa\u00eds.<\/div>\r\n    <\/div>\r\n\r\n    <p class=\"reveal\">\r\n      Las autoridades registraron una ola de bloqueos carreteros en varias regiones del pa\u00eds tras el abatimiento de El Mencho.\r\n    <\/p>\r\n\r\n    <h2 id=\"n1_datos\" class=\"reveal\">Datos generales<\/h2>\r\n    <p class=\"reveal\">\r\n      Se reportaron m\u00e1s de 250 bloqueos en al menos 20 estados la tarde y noche del domingo 22 de febrero, con corte a las 8 de la noche.\r\n    <\/p>\r\n    <p class=\"reveal\">\r\n      Seg\u00fan la Secretar\u00eda de Seguridad, casi 90% de los bloqueos, o sea, 229, fueron desactivados. Y 23 segu\u00edan activos, adem\u00e1s de 4 cierres parciales.\r\n    <\/p>\r\n\r\n    <div class=\"note reveal\">\r\n      M\u00e1s de 250 bloqueos en 20 estados; 229 desactivados, 23 activos y 4 cierres parciales.\r\n    <\/div>\r\n\r\n    <h2 id=\"n1_estados\" class=\"reveal\">Estados y v\u00edas con incidentes<\/h2>\r\n\r\n    <div class=\"inline-img reveal\">\r\n      <img decoding=\"async\" src=\"https:\/\/alow.com.mx\/wp-content\/uploads\/2026\/02\/el-mencho-violencia-autotransporte-capufe.jpeg\" alt=\"Afectaciones al autotransporte y carreteras\" loading=\"lazy\">\r\n      <div class=\"caption\">Afectaciones al autotransporte y cortes en vialidades.<\/div>\r\n    <\/div>\r\n\r\n    <p class=\"reveal\">\r\n      Jalisco: epicentro del operativo; todav\u00eda hab\u00eda bloqueos activos (21) en carreteras estatales y federales, muchos con veh\u00edculos incendiados y presencia de Guardia Nacional.\r\n    <\/p>\r\n    <p class=\"reveal\">\r\n      Michoac\u00e1n: quema de tr\u00e1ileres y bloqueos en caminos que conectan a Zamora, Jiquilpan y otros municipios, lo que impact\u00f3 corredores de carga locales.\r\n    <\/p>\r\n    <p class=\"reveal\">\r\n      Colima, Aguascalientes, Guanajuato, Guerrero, Nayarit, Tamaulipas y otros: reportes de cortes o incidentes menores a moderados en vialidades secundarias y tramos de carreteras.\r\n    <\/p>\r\n\r\n    <h2 id=\"n1_nota\" class=\"reveal\">Nota clave<\/h2>\r\n    <p class=\"reveal\">\r\n      No hay reportes oficiales espec\u00edficos de bloqueos en las autopistas que conectan directamente con los puertos de Manzanillo o L\u00e1zaro C\u00e1rdenas hasta el momento.\r\n      Las rutas principales de carga (por ejemplo, la Autopista Siglo XXI que une con L\u00e1zaro C\u00e1rdenas) han sido liberadas gradualmente conforme avanzan los operativos de seguridad y se restablece el tr\u00e1nsito.\r\n    <\/p>\r\n\r\n    <h2 id=\"n1_corredores\" class=\"reveal\">Estado de principales corredores viales hoy (24 de febrero)<\/h2>\r\n\r\n    <h3 class=\"reveal\">Carretera 57 (M\u00e9xico \u2013 Quer\u00e9taro \u2013 Saltillo)<\/h3>\r\n    <p class=\"reveal\">\r\n      No hay reportes oficiales de bloqueos o cierres por narcobloqueos en la Carretera 57 despu\u00e9s de los hechos de ayer; autoridades han indicado que las principales v\u00edas de comunicaci\u00f3n del centro-norte del pa\u00eds est\u00e1n operando con normalidad.\r\n    <\/p>\r\n\r\n    <h3 class=\"reveal\">Rutas hacia\/cerca de puertos como Manzanillo y L\u00e1zaro C\u00e1rdenas<\/h3>\r\n    <p class=\"reveal\">\r\n      Hasta el momento no hay confirmaci\u00f3n de cierres de largo alcance en estos corredores por el impacto de la violencia de ayer.\r\n      Las movilizaciones se concentraron principalmente en carreteras de occidente y centro, sin reportes de cortes prolongados que afecten directamente a estas rutas hoy.\r\n    <\/p>\r\n\r\n    <h3 class=\"reveal\">Autopista Siglo XXI y rutas a L\u00e1zaro C\u00e1rdenas (Michoac\u00e1n\/Guerrero)<\/h3>\r\n    <p class=\"reveal\">\r\n      No se han reportado bloqueos activos importantes que afecten el tr\u00e1nsito de carga en estos corredores principales.\r\n      Operaciones de seguridad contin\u00faan para mantenerlas libres.\r\n    <\/p>\r\n\r\n    <h3 class=\"reveal\">Autopistas y carreteras en Jalisco y occidente<\/h3>\r\n    <p class=\"reveal\">\r\n      Las carreteras en el estado de Jalisco amanecieron con bloqueos y casetas tomadas este lunes, tras los hechos de violencia del fin de semana, lo que mantiene signos de inseguridad en varias vialidades de la entidad.\r\n      En puntos como la autopista Guadalajara\u2013Zapotlanejo, Tepatitl\u00e1n, Jalostotitl\u00e1n y otros tramos se han registrado veh\u00edculos atravesados e incluso incendiados, con presencia de la Guardia Nacional en algunos lugares para intentar contener la situaci\u00f3n.\r\n    <\/p>\r\n    <p class=\"reveal\">\r\n      La situaci\u00f3n sigue siendo tensa en Jalisco, que se mantiene en c\u00f3digo rojo por la violencia ligada al crimen organizado, y se espera un comunicado oficial del Ej\u00e9rcito o de las autoridades de seguridad para brindar m\u00e1s detalles y directrices a la poblaci\u00f3n.\r\n    <\/p>\r\n\r\n    <h2 id=\"n1_riesgo\" class=\"reveal\">Riesgo de nuevos narcobloqueos hoy<\/h2>\r\n    <p class=\"reveal\">\r\n      Autoridades mexicanas han se\u00f1alado que gran parte de la violencia y bloqueos de ayer ya est\u00e1n bajo control, y se est\u00e1 restableciendo la circulaci\u00f3n normal en la mayor\u00eda de las carreteras.\r\n    <\/p>\r\n    <p class=\"reveal\">\r\n      Sin embargo, permanece un riesgo residual de incidentes aislados, especialmente en zonas rurales de occidente donde el CJNG tiene presencia hist\u00f3rica. Por ello, recomendaciones de seguridad a transportistas siguen activas.\r\n    <\/p>\r\n\r\n    <h2 id=\"n1_seguimiento\" class=\"reveal\">Seguimiento<\/h2>\r\n    <p class=\"reveal\">\r\n      Para m\u00e1s informaci\u00f3n y seguimiento en tiempo real sobre el nivel de riesgo a nivel nacional:\r\n      <a href=\"https:\/\/ui.aliado.alephri.com\/\" target=\"_blank\" rel=\"noopener\">ui.aliado.alephri.com<\/a>\r\n    <\/p>\r\n\r\n    <h2 id=\"n1_puertos\" class=\"reveal\">Estado de operaci\u00f3n de los principales puertos<\/h2>\r\n\r\n    <div class=\"inline-img reveal\">\r\n      <img decoding=\"async\" src=\"https:\/\/alow.com.mx\/wp-content\/uploads\/2026\/02\/mejoras-en-el-puerto-lazaro-cardenas-para-mejorar-movilidad-g.jpg\" alt=\"Puerto de L\u00e1zaro C\u00e1rdenas\" loading=\"lazy\">\r\n      <div class=\"caption\">Actividad portuaria y continuidad operativa con vigilancia reforzada.<\/div>\r\n    <\/div>\r\n\r\n    <h3 class=\"reveal\">Puerto de Manzanillo<\/h3>\r\n    <p class=\"reveal\">\r\n      Autoridades de la Secretar\u00eda de Marina (Semar) y la administraci\u00f3n portuaria confirmaron que el puerto est\u00e1 operando con normalidad,\r\n      aunque con vigilancia reforzada y medidas adicionales de seguridad para proteger instalaciones, trabajadores y tr\u00e1nsito de embarcaciones.\r\n    <\/p>\r\n\r\n    <h3 class=\"reveal\">Puerto de L\u00e1zaro C\u00e1rdenas (Michoac\u00e1n)<\/h3>\r\n    <p class=\"reveal\">\r\n      No hay informaci\u00f3n confirmada de que este puerto haya suspendido actividades. Las operaciones se mantienen activas y, hasta el momento,\r\n      no se ha anunciado cierre ni interrupci\u00f3n oficial por parte de la autoridad portuaria relacionada con los hechos recientes.\r\n    <\/p>\r\n\r\n    <h2 id=\"n1_tijuana\" class=\"reveal\">Cierre de Aduana en Tijuana<\/h2>\r\n    <p class=\"reveal\">\r\n      Se inform\u00f3 que la Aduana de Tijuana permanecer\u00eda cerrada el lunes 23 de febrero de 2026, recomendando tomar previsiones en operaciones log\u00edsticas.\r\n    <\/p>\r\n\r\n    <hr class=\"section-divider\">\r\n\r\n    <!-- ========================================================= -->\r\n    <!-- ========================= A\u00c9REO ========================= -->\r\n    <!-- ========================================================= -->\r\n\r\n    <h1 id=\"n2_top\"  class=\"reveal title-orange\">\r\n      Aeropuerto de Guadalajara mantiene operaciones, aunque aerol\u00edneas ajustan vuelos por situaci\u00f3n de seguridad\r\n    <\/h1>\r\n\r\n    <div class=\"hero reveal\">\r\n      <img decoding=\"async\" src=\"https:\/\/alow.com.mx\/wp-content\/uploads\/2026\/02\/AEROPUERTO-.jpg\" alt=\"Aeropuerto de Guadalajara\" loading=\"lazy\">\r\n      <div class=\"caption\">El aeropuerto opera, pero algunas aerol\u00edneas aplican medidas preventivas.<\/div>\r\n    <\/div>\r\n\r\n    <p class=\"reveal\">\r\n      Ante los recientes acontecimientos en el estado de Jalisco, el Aeropuerto Internacional de Guadalajara contin\u00faa operando con normalidad en t\u00e9rminos generales;\r\n      sin embargo, diversas aerol\u00edneas han optado por cancelar o reprogramar vuelos como medida preventiva.\r\n    <\/p>\r\n\r\n    <h2 id=\"n2_resumen\" class=\"reveal\">Resumen<\/h2>\r\n    <p class=\"reveal\">\r\n      De acuerdo con reportes de paneles de salidas y llegadas, se han registrado m\u00e1s de 50 cancelaciones y varios retrasos en vuelos hacia y desde Guadalajara durante el d\u00eda de hoy.\r\n      Aunque no existe un anuncio oficial de cierre por parte del aeropuerto, las compa\u00f1\u00edas a\u00e9reas han implementado ajustes operativos derivados de la situaci\u00f3n de seguridad en la regi\u00f3n.\r\n    <\/p>\r\n\r\n    <h2 id=\"n2_cancelaciones\" class=\"reveal\">Cancelaciones y retrasos<\/h2>\r\n    <p class=\"reveal\">\r\n      Se han registrado cancelaciones y reprogramaciones como medida preventiva. Estos ajustes responden a protocolos internos de seguridad y prevenci\u00f3n implementados por cada aerol\u00ednea.\r\n    <\/p>\r\n\r\n    <h2 id=\"n2_aerolineas\" class=\"reveal\">Aerol\u00edneas con avisos a clientes<\/h2>\r\n    <p class=\"reveal\">\r\n      Entre las aerol\u00edneas que han emitido avisos a sus clientes sobre cancelaciones o suspensi\u00f3n temporal de servicios hacia destinos en Jalisco,\r\n      incluyendo Guadalajara y especialmente Puerto Vallarta, se encuentran:\r\n    <\/p>\r\n    <ul class=\"reveal\">\r\n      <li>United Airlines<\/li>\r\n      <li>Southwest Airlines<\/li>\r\n      <li>Air Canada<\/li>\r\n      <li>Alaska Airlines<\/li>\r\n    <\/ul>\r\n\r\n    <h2 id=\"n2_carga\" class=\"reveal\">Operaciones de carga a\u00e9rea sin afectaci\u00f3n confirmada<\/h2>\r\n    <p class=\"reveal\">\r\n      Hasta el momento, no existe confirmaci\u00f3n oficial sobre una suspensi\u00f3n o afectaci\u00f3n directa en las operaciones de carga a\u00e9rea dentro del aeropuerto de Guadalajara.\r\n      Las actividades relacionadas con el manejo de mercanc\u00edas contin\u00faan sin un anuncio formal de interrupci\u00f3n por parte de las autoridades aeroportuarias.\r\n    <\/p>\r\n\r\n    <hr class=\"section-divider\">\r\n\r\n    <!-- ========================================================= -->\r\n    <!-- ======================= MAR\u00cdTIMO ======================== -->\r\n    <!-- ========================================================= -->\r\n\r\n    <h1 id=\"n3_top\"  class=\"reveal title-orange\">\r\n      Operaciones mar\u00edtimas: actualizaci\u00f3n en puertos y log\u00edstica\r\n    <\/h1>\r\n\r\n    <!-- IMAGEN NUEVA AGREGADA -->\r\n    <div class=\"hero reveal\">\r\n      <img decoding=\"async\" src=\"https:\/\/alow.com.mx\/wp-content\/uploads\/2026\/02\/AQ0224_PORTSECURITY-scaled-1.jpg\" alt=\"Actualizaci\u00f3n de seguridad portuaria y operaciones mar\u00edtimas\" loading=\"lazy\">\r\n      <div class=\"caption\">Actualizaci\u00f3n sobre estatus operativo y medidas de seguridad en puertos.<\/div>\r\n    <\/div>\r\n\r\n    <h2 id=\"n3_actualizacion\" class=\"reveal\">Actualizaci\u00f3n operativa<\/h2>\r\n    <p class=\"reveal\">\r\n      En seguimiento al comunicado emitido previamente respecto a los hechos de seguridad registrados en distintas regiones del pa\u00eds, compartimos la actualizaci\u00f3n m\u00e1s reciente sobre el estatus de las operaciones mar\u00edtimas en los principales puertos que pudieran verse impactados.\r\n    <\/p>\r\n    <p class=\"reveal\">\r\n      A partir del 23 de febrero se inici\u00f3 la reactivaci\u00f3n paulatina de los servicios portuarios y log\u00edsticos. Las operaciones comienzan a normalizarse de manera gradual; no obstante, es importante considerar que a\u00fan podr\u00edan presentarse retrasos e intermitencias tanto en recolecciones como en entregas programadas, derivado de los ajustes operativos recientes.\r\n    <\/p>\r\n\r\n    <h2 id=\"n3_recomendaciones\" class=\"reveal\">Recomendaciones<\/h2>\r\n    <p class=\"reveal\">\r\n      Recomendamos tomar previsiones adicionales en la planeaci\u00f3n de sus embarques y mantenerse en comunicaci\u00f3n constante con su asesor para el seguimiento puntual de cada operaci\u00f3n.\r\n    <\/p>\r\n\r\n  <\/article>\r\n<\/div>\r\n\r\n<script>\r\ndocument.addEventListener('DOMContentLoaded', () => {\r\n\r\n  \/* ================== Animaci\u00f3n scroll ================== *\/\r\n  const revealEls = document.querySelectorAll('.reveal');\r\n  const observer = new IntersectionObserver((entries) => {\r\n    entries.forEach(entry => {\r\n      if(entry.isIntersecting){\r\n        entry.target.classList.add('visible');\r\n      }\r\n    });\r\n  }, { threshold: 0.15 });\r\n  revealEls.forEach(el => observer.observe(el));\r\n\r\n  \/* ================== Secci\u00f3n activa en men\u00fa ================== *\/\r\n  const sections = document.querySelectorAll(\"article h1[id], article h2[id]\");\r\n  const navLinks = document.querySelectorAll(\".toc-float a[href^='#']\");\r\n\r\n  const updateActive = () => {\r\n    let current = \"\";\r\n    sections.forEach(section => {\r\n      const top = section.offsetTop;\r\n      if(window.scrollY >= top - 220){\r\n        current = section.getAttribute(\"id\");\r\n      }\r\n    });\r\n\r\n    navLinks.forEach(link => {\r\n      link.classList.remove(\"is-active\");\r\n      if(link.getAttribute(\"href\") === \"#\" + current){\r\n        link.classList.add(\"is-active\");\r\n      }\r\n    });\r\n  };\r\n\r\n  window.addEventListener(\"scroll\", updateActive, { passive: true });\r\n  updateActive();\r\n\r\n  \/* ================== Guardar\/plegar men\u00fas (localStorage) ================== *\/\r\n  (function(){\r\n    const groups = document.querySelectorAll(\".toc-group\");\r\n    const STORAGE_KEY = \"toc_group_state_v6\";\r\n    let saved = {};\r\n    try { saved = JSON.parse(localStorage.getItem(STORAGE_KEY) || \"{}\"); } catch(e){ saved = {}; }\r\n\r\n    groups.forEach(group => {\r\n      const id = group.getAttribute(\"data-group\");\r\n      const btn = group.querySelector(\".toc-group-btn\");\r\n\r\n      if(saved[id] === \"collapsed\"){\r\n        group.classList.add(\"is-collapsed\");\r\n        btn.setAttribute(\"aria-expanded\",\"false\");\r\n      } else {\r\n        btn.setAttribute(\"aria-expanded\",\"true\");\r\n      }\r\n\r\n      btn.addEventListener(\"click\", () => {\r\n        const collapsed = group.classList.toggle(\"is-collapsed\");\r\n        btn.setAttribute(\"aria-expanded\", collapsed ? \"false\" : \"true\");\r\n        saved[id] = collapsed ? \"collapsed\" : \"open\";\r\n        localStorage.setItem(STORAGE_KEY, JSON.stringify(saved));\r\n      });\r\n    });\r\n  })();\r\n\r\n  \/* ================== Traducci\u00f3n ES \u21c4 EN (men\u00fa + contenido) ================== *\/\r\n  const btn = document.getElementById('translate-btn');\r\n  const root = document.querySelector('.post-with-toc');\r\n  if(!btn || !root) return;\r\n\r\n  let isEnglish = false;\r\n  let translating = false;\r\n\r\n  \/\/ Guardar originales para volver a ES sin \u201cretraducir\u201d\r\n  const originals = new Map(); \/\/ key: node o \"ATTR::...\"\r\n  const shouldSkipElement = (el) => {\r\n    const tag = el?.tagName ? el.tagName.toUpperCase() : \"\";\r\n    return tag === \"SCRIPT\" || tag === \"STYLE\" || tag === \"NOSCRIPT\" || tag === \"IFRAME\" || tag === \"CODE\" || tag === \"PRE\";\r\n  };\r\n\r\n  const getTextNodes = (node) => {\r\n    const nodes = [];\r\n    const walker = document.createTreeWalker(\r\n      node,\r\n      NodeFilter.SHOW_TEXT,\r\n      {\r\n        acceptNode: (textNode) => {\r\n          const parent = textNode.parentElement;\r\n          if(!parent) return NodeFilter.FILTER_REJECT;\r\n          if(shouldSkipElement(parent)) return NodeFilter.FILTER_REJECT;\r\n          const txt = textNode.textContent;\r\n          if(!txt || !txt.trim()) return NodeFilter.FILTER_REJECT;\r\n          return NodeFilter.FILTER_ACCEPT;\r\n        }\r\n      }\r\n    );\r\n    let current;\r\n    while((current = walker.nextNode())){\r\n      nodes.push(current);\r\n    }\r\n    return nodes;\r\n  };\r\n\r\n  const getTranslatableAttrs = (container) => {\r\n    const items = [];\r\n    const elements = container.querySelectorAll(\"[alt], [title]\");\r\n    elements.forEach(el => {\r\n      if(shouldSkipElement(el)) return;\r\n\r\n      if(el.hasAttribute(\"alt\")){\r\n        const v = el.getAttribute(\"alt\");\r\n        if(v && v.trim()) items.push({ el, attr: \"alt\", value: v });\r\n      }\r\n      if(el.hasAttribute(\"title\")){\r\n        const v = el.getAttribute(\"title\");\r\n        if(v && v.trim()) items.push({ el, attr: \"title\", value: v });\r\n      }\r\n    });\r\n    return items;\r\n  };\r\n\r\n  async function translateText(text, from, to){\r\n    const url =\r\n      \"https:\/\/translate.googleapis.com\/translate_a\/single\" +\r\n      \"?client=gtx\" +\r\n      \"&sl=\" + encodeURIComponent(from) +\r\n      \"&tl=\" + encodeURIComponent(to) +\r\n      \"&dt=t\" +\r\n      \"&q=\" + encodeURIComponent(text);\r\n\r\n    const res = await fetch(url);\r\n    const data = await res.json();\r\n    return (data && data[0]) ? data[0].map(pair => pair[0]).join('') : text;\r\n  }\r\n\r\n  async function translateAll(toEnglish){\r\n    const from = toEnglish ? \"es\" : \"en\";\r\n    const to   = toEnglish ? \"en\" : \"es\";\r\n\r\n    const textNodes = getTextNodes(root);\r\n    const attrs = getTranslatableAttrs(root);\r\n\r\n    \/\/ Guardar originales (si no existen)\r\n    textNodes.forEach(n => {\r\n      if(!originals.has(n)) originals.set(n, n.textContent);\r\n    });\r\n    attrs.forEach(item => {\r\n      const stableKey = item.attr + \"::\" + (item.el.id || item.el.getAttribute(\"src\") || item.el.outerHTML.slice(0,60));\r\n      const mapKey = \"ATTR::\" + stableKey;\r\n      if(!originals.has(mapKey)) originals.set(mapKey, item.value);\r\n    });\r\n\r\n    \/\/ Volver a espa\u00f1ol = restaurar sin llamadas\r\n    if(!toEnglish){\r\n      textNodes.forEach(n => {\r\n        const orig = originals.get(n);\r\n        if(typeof orig === \"string\") n.textContent = orig;\r\n      });\r\n      attrs.forEach(item => {\r\n        const stableKey = item.attr + \"::\" + (item.el.id || item.el.getAttribute(\"src\") || item.el.outerHTML.slice(0,60));\r\n        const mapKey = \"ATTR::\" + stableKey;\r\n        const orig = originals.get(mapKey);\r\n        if(typeof orig === \"string\") item.el.setAttribute(item.attr, orig);\r\n      });\r\n      return;\r\n    }\r\n\r\n    \/\/ Traducir a EN secuencial (m\u00e1s estable)\r\n    for(const n of textNodes){\r\n      const originalText = originals.get(n);\r\n      if(!originalText || !originalText.trim()) continue;\r\n\r\n      try{\r\n        const translated = await translateText(originalText.trim(), from, to);\r\n        const left = originalText.match(\/^\\s*\/)?.[0] || \"\";\r\n        const right = originalText.match(\/\\s*$\/)?.[0] || \"\";\r\n        n.textContent = left + translated + right;\r\n      } catch(e){\r\n        \/\/ deja original\r\n      }\r\n    }\r\n\r\n    \/\/ Traducir alt\/title\r\n    for(const item of attrs){\r\n      const stableKey = item.attr + \"::\" + (item.el.id || item.el.getAttribute(\"src\") || item.el.outerHTML.slice(0,60));\r\n      const mapKey = \"ATTR::\" + stableKey;\r\n      const originalAttr = originals.get(mapKey);\r\n      if(!originalAttr || !originalAttr.trim()) continue;\r\n\r\n      try{\r\n        const translated = await translateText(originalAttr.trim(), from, to);\r\n        item.el.setAttribute(item.attr, translated);\r\n      } catch(e){\r\n        \/\/ deja original\r\n      }\r\n    }\r\n  }\r\n\r\n  btn.addEventListener('click', async () => {\r\n    if(translating) return;\r\n    translating = true;\r\n\r\n    btn.disabled = true;\r\n    btn.textContent = isEnglish ? \"Espa\u00f1ol...\" : \"English...\";\r\n\r\n    try{\r\n      await translateAll(!isEnglish);\r\n      isEnglish = !isEnglish;\r\n      btn.textContent = isEnglish ? \"Espa\u00f1ol\" : \"English\";\r\n    } finally {\r\n      btn.disabled = false;\r\n      translating = false;\r\n    }\r\n  });\r\n\r\n});\r\n<\/script>\t\t\t\t<\/div>\n\t\t\t\t<\/div>\n\t\t\t\t\t<\/div>\n\t\t<\/div>\n\t\t\t\t\t<\/div>\n\t\t<\/section>\n\t\t\t\t<\/div>\n\t\t","protected":false},"excerpt":{"rendered":"<p>English Tabla de contenidos Terrestre \u25be Inicio Datos generales Estados y v\u00edas Nota clave Corredores Riesgo hoy Seguimiento Puertos Aduana Tijuana A\u00e9reo \u25be Inicio Resumen Cancelaciones y retrasos Aerol\u00edneas Carga a\u00e9rea Mar\u00edtimo \u25be Inicio Actualizaci\u00f3n operativa Recomendaciones &#x2b06; Volver al inicio Ola de bloqueos carreteros tras operativo contra \u201cEl Mencho\u201d Bloqueos reportados en distintas regiones [&hellip;]<\/p>\n","protected":false},"author":4,"featured_media":6100,"comment_status":"open","ping_status":"open","sticky":false,"template":"","format":"standard","meta":{"inline_featured_image":false,"_monsterinsights_skip_tracking":false,"_jetpack_memberships_contains_paid_content":false,"footnotes":""},"categories":[1],"tags":[],"class_list":["post-6095","post","type-post","status-publish","format-standard","has-post-thumbnail","hentry","category-uncategorized"],"aioseo_notices":[],"yoast_head":"<!-- This site is optimized with the Yoast SEO plugin v27.7 - https:\/\/yoast.com\/product\/yoast-seo-wordpress\/ -->\n<title>Escenario Log\u00edstico Actual en M\u00e9xico - Alow Forwarding<\/title>\n<meta name=\"robots\" content=\"index, follow, max-snippet:-1, max-image-preview:large, max-video-preview:-1\" \/>\n<link rel=\"canonical\" href=\"https:\/\/alow.com.mx\/en\/escenario-logistico-actual-en-mexico\/\" \/>\n<meta property=\"og:locale\" content=\"en_US\" \/>\n<meta property=\"og:type\" content=\"article\" \/>\n<meta property=\"og:title\" content=\"Escenario Log\u00edstico Actual en M\u00e9xico - Alow Forwarding\" \/>\n<meta property=\"og:description\" content=\"English Tabla de contenidos Terrestre \u25be Inicio Datos generales Estados y v\u00edas Nota clave Corredores Riesgo hoy Seguimiento Puertos Aduana Tijuana A\u00e9reo \u25be Inicio Resumen Cancelaciones y retrasos Aerol\u00edneas Carga a\u00e9rea Mar\u00edtimo \u25be Inicio Actualizaci\u00f3n operativa Recomendaciones &#x2b06; Volver al inicio Ola de bloqueos carreteros tras operativo contra \u201cEl Mencho\u201d Bloqueos reportados en distintas regiones [&hellip;]\" \/>\n<meta property=\"og:url\" content=\"https:\/\/alow.com.mx\/en\/escenario-logistico-actual-en-mexico\/\" \/>\n<meta property=\"og:site_name\" content=\"Alow Forwarding\" \/>\n<meta property=\"article:published_time\" content=\"2026-02-23T21:40:13+00:00\" \/>\n<meta property=\"article:modified_time\" content=\"2026-02-23T23:42:00+00:00\" \/>\n<meta property=\"og:image\" content=\"https:\/\/alow.com.mx\/wp-content\/uploads\/2026\/02\/AEROPUERTO-.jpg\" \/>\n\t<meta property=\"og:image:width\" content=\"630\" \/>\n\t<meta property=\"og:image:height\" content=\"398\" \/>\n\t<meta property=\"og:image:type\" content=\"image\/jpeg\" \/>\n<meta name=\"author\" content=\"Maricel\" \/>\n<meta name=\"twitter:card\" content=\"summary_large_image\" \/>\n<meta name=\"twitter:label1\" content=\"Written by\" \/>\n\t<meta name=\"twitter:data1\" content=\"Maricel\" \/>\n\t<meta name=\"twitter:label2\" content=\"Est. reading time\" \/>\n\t<meta name=\"twitter:data2\" content=\"7 minutes\" \/>\n<script type=\"application\/ld+json\" class=\"yoast-schema-graph\">{\"@context\":\"https:\\\/\\\/schema.org\",\"@graph\":[{\"@type\":\"Article\",\"@id\":\"https:\\\/\\\/alow.com.mx\\\/escenario-logistico-actual-en-mexico\\\/#article\",\"isPartOf\":{\"@id\":\"https:\\\/\\\/alow.com.mx\\\/escenario-logistico-actual-en-mexico\\\/\"},\"author\":{\"name\":\"Maricel\",\"@id\":\"https:\\\/\\\/alow.com.mx\\\/en\\\/#\\\/schema\\\/person\\\/26a0909276a608a76d417e715ae69b8d\"},\"headline\":\"Escenario Log\u00edstico Actual en M\u00e9xico\",\"datePublished\":\"2026-02-23T21:40:13+00:00\",\"dateModified\":\"2026-02-23T23:42:00+00:00\",\"mainEntityOfPage\":{\"@id\":\"https:\\\/\\\/alow.com.mx\\\/escenario-logistico-actual-en-mexico\\\/\"},\"wordCount\":1219,\"commentCount\":0,\"image\":{\"@id\":\"https:\\\/\\\/alow.com.mx\\\/escenario-logistico-actual-en-mexico\\\/#primaryimage\"},\"thumbnailUrl\":\"https:\\\/\\\/alow.com.mx\\\/wp-content\\\/uploads\\\/2026\\\/02\\\/AEROPUERTO-.jpg\",\"inLanguage\":\"en-US\",\"potentialAction\":[{\"@type\":\"CommentAction\",\"name\":\"Comment\",\"target\":[\"https:\\\/\\\/alow.com.mx\\\/escenario-logistico-actual-en-mexico\\\/#respond\"]}]},{\"@type\":\"WebPage\",\"@id\":\"https:\\\/\\\/alow.com.mx\\\/escenario-logistico-actual-en-mexico\\\/\",\"url\":\"https:\\\/\\\/alow.com.mx\\\/escenario-logistico-actual-en-mexico\\\/\",\"name\":\"Escenario Log\u00edstico Actual en M\u00e9xico - Alow Forwarding\",\"isPartOf\":{\"@id\":\"https:\\\/\\\/alow.com.mx\\\/en\\\/#website\"},\"primaryImageOfPage\":{\"@id\":\"https:\\\/\\\/alow.com.mx\\\/escenario-logistico-actual-en-mexico\\\/#primaryimage\"},\"image\":{\"@id\":\"https:\\\/\\\/alow.com.mx\\\/escenario-logistico-actual-en-mexico\\\/#primaryimage\"},\"thumbnailUrl\":\"https:\\\/\\\/alow.com.mx\\\/wp-content\\\/uploads\\\/2026\\\/02\\\/AEROPUERTO-.jpg\",\"datePublished\":\"2026-02-23T21:40:13+00:00\",\"dateModified\":\"2026-02-23T23:42:00+00:00\",\"author\":{\"@id\":\"https:\\\/\\\/alow.com.mx\\\/en\\\/#\\\/schema\\\/person\\\/26a0909276a608a76d417e715ae69b8d\"},\"breadcrumb\":{\"@id\":\"https:\\\/\\\/alow.com.mx\\\/escenario-logistico-actual-en-mexico\\\/#breadcrumb\"},\"inLanguage\":\"en-US\",\"potentialAction\":[{\"@type\":\"ReadAction\",\"target\":[\"https:\\\/\\\/alow.com.mx\\\/escenario-logistico-actual-en-mexico\\\/\"]}]},{\"@type\":\"ImageObject\",\"inLanguage\":\"en-US\",\"@id\":\"https:\\\/\\\/alow.com.mx\\\/escenario-logistico-actual-en-mexico\\\/#primaryimage\",\"url\":\"https:\\\/\\\/alow.com.mx\\\/wp-content\\\/uploads\\\/2026\\\/02\\\/AEROPUERTO-.jpg\",\"contentUrl\":\"https:\\\/\\\/alow.com.mx\\\/wp-content\\\/uploads\\\/2026\\\/02\\\/AEROPUERTO-.jpg\",\"width\":630,\"height\":398},{\"@type\":\"BreadcrumbList\",\"@id\":\"https:\\\/\\\/alow.com.mx\\\/escenario-logistico-actual-en-mexico\\\/#breadcrumb\",\"itemListElement\":[{\"@type\":\"ListItem\",\"position\":1,\"name\":\"Home\",\"item\":\"https:\\\/\\\/alow.com.mx\\\/en\\\/\"},{\"@type\":\"ListItem\",\"position\":2,\"name\":\"Escenario Log\u00edstico Actual en M\u00e9xico\"}]},{\"@type\":\"WebSite\",\"@id\":\"https:\\\/\\\/alow.com.mx\\\/en\\\/#website\",\"url\":\"https:\\\/\\\/alow.com.mx\\\/en\\\/\",\"name\":\"Alow Forwarding\",\"description\":\"Connecting Worlds\",\"potentialAction\":[{\"@type\":\"SearchAction\",\"target\":{\"@type\":\"EntryPoint\",\"urlTemplate\":\"https:\\\/\\\/alow.com.mx\\\/en\\\/?s={search_term_string}\"},\"query-input\":{\"@type\":\"PropertyValueSpecification\",\"valueRequired\":true,\"valueName\":\"search_term_string\"}}],\"inLanguage\":\"en-US\"},{\"@type\":\"Person\",\"@id\":\"https:\\\/\\\/alow.com.mx\\\/en\\\/#\\\/schema\\\/person\\\/26a0909276a608a76d417e715ae69b8d\",\"name\":\"Maricel\",\"image\":{\"@type\":\"ImageObject\",\"inLanguage\":\"en-US\",\"@id\":\"https:\\\/\\\/secure.gravatar.com\\\/avatar\\\/7a092771e8e16f43cc505c87d60c9f42ae8e8661142cc463bd88dd6973fce229?s=96&d=mm&r=g\",\"url\":\"https:\\\/\\\/secure.gravatar.com\\\/avatar\\\/7a092771e8e16f43cc505c87d60c9f42ae8e8661142cc463bd88dd6973fce229?s=96&d=mm&r=g\",\"contentUrl\":\"https:\\\/\\\/secure.gravatar.com\\\/avatar\\\/7a092771e8e16f43cc505c87d60c9f42ae8e8661142cc463bd88dd6973fce229?s=96&d=mm&r=g\",\"caption\":\"Maricel\"},\"url\":\"https:\\\/\\\/alow.com.mx\\\/en\\\/author\\\/maricel\\\/\"}]}<\/script>\n<!-- \/ Yoast SEO plugin. -->","yoast_head_json":{"title":"Escenario Log\u00edstico Actual en M\u00e9xico - Alow Forwarding","robots":{"index":"index","follow":"follow","max-snippet":"max-snippet:-1","max-image-preview":"max-image-preview:large","max-video-preview":"max-video-preview:-1"},"canonical":"https:\/\/alow.com.mx\/en\/escenario-logistico-actual-en-mexico\/","og_locale":"en_US","og_type":"article","og_title":"Escenario Log\u00edstico Actual en M\u00e9xico - Alow Forwarding","og_description":"English Tabla de contenidos Terrestre \u25be Inicio Datos generales Estados y v\u00edas Nota clave Corredores Riesgo hoy Seguimiento Puertos Aduana Tijuana A\u00e9reo \u25be Inicio Resumen Cancelaciones y retrasos Aerol\u00edneas Carga a\u00e9rea Mar\u00edtimo \u25be Inicio Actualizaci\u00f3n operativa Recomendaciones &#x2b06; Volver al inicio Ola de bloqueos carreteros tras operativo contra \u201cEl Mencho\u201d Bloqueos reportados en distintas regiones [&hellip;]","og_url":"https:\/\/alow.com.mx\/en\/escenario-logistico-actual-en-mexico\/","og_site_name":"Alow Forwarding","article_published_time":"2026-02-23T21:40:13+00:00","article_modified_time":"2026-02-23T23:42:00+00:00","og_image":[{"width":630,"height":398,"url":"https:\/\/alow.com.mx\/wp-content\/uploads\/2026\/02\/AEROPUERTO-.jpg","type":"image\/jpeg"}],"author":"Maricel","twitter_card":"summary_large_image","twitter_misc":{"Written by":"Maricel","Est. reading time":"7 minutes"},"schema":{"@context":"https:\/\/schema.org","@graph":[{"@type":"Article","@id":"https:\/\/alow.com.mx\/escenario-logistico-actual-en-mexico\/#article","isPartOf":{"@id":"https:\/\/alow.com.mx\/escenario-logistico-actual-en-mexico\/"},"author":{"name":"Maricel","@id":"https:\/\/alow.com.mx\/en\/#\/schema\/person\/26a0909276a608a76d417e715ae69b8d"},"headline":"Escenario Log\u00edstico Actual en M\u00e9xico","datePublished":"2026-02-23T21:40:13+00:00","dateModified":"2026-02-23T23:42:00+00:00","mainEntityOfPage":{"@id":"https:\/\/alow.com.mx\/escenario-logistico-actual-en-mexico\/"},"wordCount":1219,"commentCount":0,"image":{"@id":"https:\/\/alow.com.mx\/escenario-logistico-actual-en-mexico\/#primaryimage"},"thumbnailUrl":"https:\/\/alow.com.mx\/wp-content\/uploads\/2026\/02\/AEROPUERTO-.jpg","inLanguage":"en-US","potentialAction":[{"@type":"CommentAction","name":"Comment","target":["https:\/\/alow.com.mx\/escenario-logistico-actual-en-mexico\/#respond"]}]},{"@type":"WebPage","@id":"https:\/\/alow.com.mx\/escenario-logistico-actual-en-mexico\/","url":"https:\/\/alow.com.mx\/escenario-logistico-actual-en-mexico\/","name":"Escenario Log\u00edstico Actual en M\u00e9xico - Alow Forwarding","isPartOf":{"@id":"https:\/\/alow.com.mx\/en\/#website"},"primaryImageOfPage":{"@id":"https:\/\/alow.com.mx\/escenario-logistico-actual-en-mexico\/#primaryimage"},"image":{"@id":"https:\/\/alow.com.mx\/escenario-logistico-actual-en-mexico\/#primaryimage"},"thumbnailUrl":"https:\/\/alow.com.mx\/wp-content\/uploads\/2026\/02\/AEROPUERTO-.jpg","datePublished":"2026-02-23T21:40:13+00:00","dateModified":"2026-02-23T23:42:00+00:00","author":{"@id":"https:\/\/alow.com.mx\/en\/#\/schema\/person\/26a0909276a608a76d417e715ae69b8d"},"breadcrumb":{"@id":"https:\/\/alow.com.mx\/escenario-logistico-actual-en-mexico\/#breadcrumb"},"inLanguage":"en-US","potentialAction":[{"@type":"ReadAction","target":["https:\/\/alow.com.mx\/escenario-logistico-actual-en-mexico\/"]}]},{"@type":"ImageObject","inLanguage":"en-US","@id":"https:\/\/alow.com.mx\/escenario-logistico-actual-en-mexico\/#primaryimage","url":"https:\/\/alow.com.mx\/wp-content\/uploads\/2026\/02\/AEROPUERTO-.jpg","contentUrl":"https:\/\/alow.com.mx\/wp-content\/uploads\/2026\/02\/AEROPUERTO-.jpg","width":630,"height":398},{"@type":"BreadcrumbList","@id":"https:\/\/alow.com.mx\/escenario-logistico-actual-en-mexico\/#breadcrumb","itemListElement":[{"@type":"ListItem","position":1,"name":"Home","item":"https:\/\/alow.com.mx\/en\/"},{"@type":"ListItem","position":2,"name":"Escenario Log\u00edstico Actual en M\u00e9xico"}]},{"@type":"WebSite","@id":"https:\/\/alow.com.mx\/en\/#website","url":"https:\/\/alow.com.mx\/en\/","name":"Alow Forwarding","description":"Connecting Worlds","potentialAction":[{"@type":"SearchAction","target":{"@type":"EntryPoint","urlTemplate":"https:\/\/alow.com.mx\/en\/?s={search_term_string}"},"query-input":{"@type":"PropertyValueSpecification","valueRequired":true,"valueName":"search_term_string"}}],"inLanguage":"en-US"},{"@type":"Person","@id":"https:\/\/alow.com.mx\/en\/#\/schema\/person\/26a0909276a608a76d417e715ae69b8d","name":"Maricel","image":{"@type":"ImageObject","inLanguage":"en-US","@id":"https:\/\/secure.gravatar.com\/avatar\/7a092771e8e16f43cc505c87d60c9f42ae8e8661142cc463bd88dd6973fce229?s=96&d=mm&r=g","url":"https:\/\/secure.gravatar.com\/avatar\/7a092771e8e16f43cc505c87d60c9f42ae8e8661142cc463bd88dd6973fce229?s=96&d=mm&r=g","contentUrl":"https:\/\/secure.gravatar.com\/avatar\/7a092771e8e16f43cc505c87d60c9f42ae8e8661142cc463bd88dd6973fce229?s=96&d=mm&r=g","caption":"Maricel"},"url":"https:\/\/alow.com.mx\/en\/author\/maricel\/"}]}},"jetpack_featured_media_url":"https:\/\/alow.com.mx\/wp-content\/uploads\/2026\/02\/AEROPUERTO-.jpg","jetpack_sharing_enabled":true,"_links":{"self":[{"href":"https:\/\/alow.com.mx\/en\/wp-json\/wp\/v2\/posts\/6095","targetHints":{"allow":["GET"]}}],"collection":[{"href":"https:\/\/alow.com.mx\/en\/wp-json\/wp\/v2\/posts"}],"about":[{"href":"https:\/\/alow.com.mx\/en\/wp-json\/wp\/v2\/types\/post"}],"author":[{"embeddable":true,"href":"https:\/\/alow.com.mx\/en\/wp-json\/wp\/v2\/users\/4"}],"replies":[{"embeddable":true,"href":"https:\/\/alow.com.mx\/en\/wp-json\/wp\/v2\/comments?post=6095"}],"version-history":[{"count":10,"href":"https:\/\/alow.com.mx\/en\/wp-json\/wp\/v2\/posts\/6095\/revisions"}],"predecessor-version":[{"id":6127,"href":"https:\/\/alow.com.mx\/en\/wp-json\/wp\/v2\/posts\/6095\/revisions\/6127"}],"wp:featuredmedia":[{"embeddable":true,"href":"https:\/\/alow.com.mx\/en\/wp-json\/wp\/v2\/media\/6100"}],"wp:attachment":[{"href":"https:\/\/alow.com.mx\/en\/wp-json\/wp\/v2\/media?parent=6095"}],"wp:term":[{"taxonomy":"category","embeddable":true,"href":"https:\/\/alow.com.mx\/en\/wp-json\/wp\/v2\/categories?post=6095"},{"taxonomy":"post_tag","embeddable":true,"href":"https:\/\/alow.com.mx\/en\/wp-json\/wp\/v2\/tags?post=6095"}],"curies":[{"name":"wp","href":"https:\/\/api.w.org\/{rel}","templated":true}]}}