{"id":5575,"date":"2025-06-04T18:52:34","date_gmt":"2025-06-04T18:52:34","guid":{"rendered":"https:\/\/alow.com.mx\/?p=5575"},"modified":"2025-06-06T15:50:53","modified_gmt":"2025-06-06T15:50:53","slug":"acuerdo-que-sujeta-al-requisito-de-aviso-automatico-de-exportacion-las-mercancias-que-se-indican","status":"publish","type":"post","link":"https:\/\/alow.com.mx\/zh\/acuerdo-que-sujeta-al-requisito-de-aviso-automatico-de-exportacion-las-mercancias-que-se-indican\/","title":{"rendered":"ACUERDO que sujeta al requisito de aviso autom\u00e1tico de exportaci\u00f3n las mercanc\u00edas que se indican."},"content":{"rendered":"<style>\n  .entry-content h2, .entry-content h3 {\n    color: #dd5928 !important;\n  }<\/p>\n<p>  .styled-table {\n    border-collapse: collapse;\n    width: 100%;\n    font-size: 14px;\n    box-shadow: 0 0 10px rgba(0,0,0,0.05);\n    margin-top: 1rem;\n  }\n  .styled-table th {\n    background-color: #27aae1 !important;\n    color: white;\n    padding: 12px;\n    text-align: left;\n  }\n  .styled-table td {\n    padding: 10px 12px;\n    border-bottom: 1px solid #ddd;\n  }\n  .styled-table tr:nth-child(even) {\n    background-color: #f9f9f9;\n  }\n<\/style>\n<h1 style=\"font-size: 2rem; font-weight: bold; margin-bottom: 1rem;\">Acuerdo publicado en el Diario Oficial de la Federaci\u00f3n \u2013 3 de junio 2025<\/h1>\n<p><img decoding=\"async\" src=\"https:\/\/alow.com.mx\/wp-content\/uploads\/2025\/06\/11.jpg\" alt=\"Imagen noticia\" width=\"100%\" style=\"margin: 20px 0;\" \/><\/p>\n<p>El d\u00eda 3 de junio de 2025, se public\u00f3 en el Diario Oficial de la Federaci\u00f3n un acuerdo que indica la implementaci\u00f3n de cambios normativos en materia de comercio exterior que entrar\u00e1 en vigor el d\u00eda siguiente a su publicaci\u00f3n, es decir, el 4 de junio de 2025. Este acuerdo busca agilizar y transparentar las operaciones de exportaci\u00f3n. A continuaci\u00f3n compartimos mayores detalles sobre este art\u00edculo:<\/p>\n<p>La Direcci\u00f3n General de Facilitaci\u00f3n Comercial y de Comercio Exterior declar\u00f3 lo siguiente:<\/p>\n<p>PRIMERO. Se prorroga hasta el 7 de julio de 2025, la aplicabilidad del Acuerdo que sujeta al requisito de aviso autom\u00e1tico de exportaci\u00f3n las mercanc\u00edas que se indican, publicado en el Diario Oficial de la Federaci\u00f3n el 3 de junio de 2025.<\/p>\n<p>SEGUNDO. Las solicitudes de aviso autom\u00e1tico de exportaci\u00f3n ser\u00e1n recibidas a partir del 30 de junio de 2025. Por lo que no ser\u00e1n tomadas en cuenta las solicitudes que se reciban en una fecha anterior a la se\u00f1alada.<\/p>\n<p>TERCERO. La presente resoluci\u00f3n ser\u00e1 publicada en el portal electr\u00f3nico del Servicio Nacional de Informaci\u00f3n de Comercio Exterior (SNICE) www.snice.gob.mx, para conocimiento, consulta y aplicaci\u00f3n de todos los usuarios.<\/p>\n<h2>ACUERDO QUE SUJETA AL REQUISITO DE AVISO AUTOM\u00c1TICO DE EXPORTACI\u00d3N LAS MERCANC\u00cdAS QUE SE INDICAN<\/h2>\n<p>PRIMERO.- El presente Acuerdo tiene por objeto establecer un esquema de aviso autom\u00e1tico de exportaci\u00f3n para las mercanc\u00edas que se clasifican en las fracciones arancelarias de la Ley de los Impuestos Generales de Importaci\u00f3n y de Exportaci\u00f3n, que a continuaci\u00f3n se indican, cuando se destinen a su exportaci\u00f3n:<\/p>\n<table class=\"styled-table\">\n<thead>\n<tr>\n<th>Fracci\u00f3n arancelaria<\/th>\n<th>Descripci\u00f3n<\/th>\n<\/tr>\n<\/thead>\n<tbody>\n<tr>\n<td>2203.00.01<\/td>\n<td>Cerveza de malta.<\/td>\n<\/tr>\n<tr>\n<td>2208.90.03<\/td>\n<td>Tequila.<\/td>\n<\/tr>\n<tr>\n<td>7106.91.01<\/td>\n<td>En bruto.<\/td>\n<\/tr>\n<tr>\n<td>8409.91.99<\/td>\n<td>Los dem\u00e1s.<\/td>\n<\/tr>\n<tr>\n<td>8411.12.01<\/td>\n<td>De empuje superior a 25 kN.<\/td>\n<\/tr>\n<tr>\n<td>8414.80.99<\/td>\n<td>Los dem\u00e1s.<\/td>\n<\/tr>\n<tr>\n<td>8415.82.99<\/td>\n<td>Los dem\u00e1s.<\/td>\n<\/tr>\n<tr>\n<td>8415.90.02<\/td>\n<td>Partes.<\/td>\n<\/tr>\n<tr>\n<td>8418.10.01<\/td>\n<td>Con peso unitario inferior o igual a 200 kg, excepto con cajones exteriores separados.<\/td>\n<\/tr>\n<tr>\n<td>8421.32.01<\/td>\n<td>Convertidores catal\u00edticos.<\/td>\n<\/tr>\n<tr>\n<td>8471.30.01<\/td>\n<td>M\u00e1quinas autom\u00e1ticas para tratamiento o procesamiento de datos, port\u00e1tiles, de peso inferior o igual a 10 kg, que est\u00e9n constituidas, al menos, por una unidad central de proceso, un teclado y un visualizador.<\/td>\n<\/tr>\n<tr>\n<td>8471.49.91<\/td>\n<td>Las dem\u00e1s presentadas en forma de sistemas.<\/td>\n<\/tr>\n<tr>\n<td>8471.50.01<\/td>\n<td>Unidades de proceso, excepto las de las subpartidas 8471.41 u 8471.49, aunque incluyan en la misma envoltura uno o dos de los tipos siguientes de unidades: unidad de memoria, unidad de entrada y unidad de salida.<\/td>\n<\/tr>\n<tr>\n<td>8471.70.01<\/td>\n<td>Unidades de memoria.<\/td>\n<\/tr>\n<tr>\n<td>8471.80.91<\/td>\n<td>Las dem\u00e1s unidades de m\u00e1quinas autom\u00e1ticas para tratamiento o procesamiento de datos.<\/td>\n<\/tr>\n<tr>\n<td>8473.30.04<\/td>\n<td>Partes y accesorios de m\u00e1quinas de la partida 84.71.<\/td>\n<\/tr>\n<tr>\n<td>8503.00.99<\/td>\n<td>Los dem\u00e1s.<\/td>\n<\/tr>\n<tr>\n<td>8504.23.01<\/td>\n<td>De potencia superior a 10,000 KVA.<\/td>\n<\/tr>\n<tr>\n<td>8512.20.99<\/td>\n<td>Los dem\u00e1s.<\/td>\n<\/tr>\n<tr>\n<td>8517.62.17<\/td>\n<td>Aparatos para la recepci\u00f3n, conversi\u00f3n, emisi\u00f3n y transmisi\u00f3n o regeneraci\u00f3n de voz, imagen u otros datos, incluidos los de conmutaci\u00f3n y enrutamiento (\u201cswitching and routing apparatus\u201d).<\/td>\n<\/tr>\n<tr>\n<td>8528.72.06<\/td>\n<td>Con pantalla plana, incluso las reconocibles como dise\u00f1adas para veh\u00edculos autom\u00f3viles.<\/td>\n<\/tr>\n<tr>\n<td>8537.10.99<\/td>\n<td>Los dem\u00e1s.<\/td>\n<\/tr>\n<tr>\n<td>8543.70.99<\/td>\n<td>Los dem\u00e1s.<\/td>\n<\/tr>\n<tr>\n<td>8544.30.99<\/td>\n<td>Los dem\u00e1s.<\/td>\n<\/tr>\n<tr>\n<td>8544.42.99<\/td>\n<td>Los dem\u00e1s.<\/td>\n<\/tr>\n<tr>\n<td>8544.70.01<\/td>\n<td>Cables de fibras \u00f3pticas.<\/td>\n<\/tr>\n<tr>\n<td>9018.39.99<\/td>\n<td>Los dem\u00e1s.<\/td>\n<\/tr>\n<tr>\n<td>9018.90.99<\/td>\n<td>Los dem\u00e1s.<\/td>\n<\/tr>\n<tr>\n<td>9032.89.99<\/td>\n<td>Los dem\u00e1s.<\/td>\n<\/tr>\n<tr>\n<td>9401.99.99<\/td>\n<td>Los dem\u00e1s.<\/td>\n<\/tr>\n<\/tbody>\n<\/table>\n<p>SEGUNDO.- Para efectos del presente Acuerdo debe entenderse por:<\/p>\n<ul>\n<li>I. Aviso autom\u00e1tico: El permiso autom\u00e1tico a que se refiere el art\u00edculo 21 del Reglamento de la Ley de Comercio Exterior;<\/li>\n<li>II. DGFCCE: La Direcci\u00f3n General de Facilitaci\u00f3n Comercial y de Comercio Exterior de la Secretar\u00eda de Econom\u00eda;<\/li>\n<li>III. Exportaci\u00f3n: La salida de mercanc\u00edas del territorio nacional;<\/li>\n<li>IV. SNICE: Servicio Nacional de Informaci\u00f3n de Comercio Exterior, disponible en la liga www.snice.gob.mx, y<\/li>\n<li>V. TIGIE: Tarifa de la Ley de los Impuestos Generales de Importaci\u00f3n y de Exportaci\u00f3n.<\/li>\n<\/ul>\n<p>TERCERO.- Para la obtenci\u00f3n del aviso autom\u00e1tico de exportaci\u00f3n, el interesado debe remitir una solicitud por cada pedimento al correo electr\u00f3nico aviso.exportacion@economia.gob.mx a trav\u00e9s de un escrito libre en t\u00e9rminos de la regla 1.3.5 del Acuerdo por el que la Secretar\u00eda de Econom\u00eda emite Reglas y criterios de car\u00e1cter general en materia de comercio exterior, publicado en el Diario Oficial de la Federaci\u00f3n el 9 de mayo de 2022 y sus posteriores modificaciones, y proporcionar a la DGFCCE la informaci\u00f3n requerida, mediante formato Excel que ser\u00e1 publicado en la p\u00e1gina de internet del SNICE.<\/p>\n<p>CUARTO.- Siempre que se cumplan los requisitos se\u00f1alados en el art\u00edculo Tercero del presente documento, dentro de los diez d\u00edas h\u00e1biles posteriores a la recepci\u00f3n de la solicitud, la DGFCCE emitir\u00e1 un Aviso autom\u00e1tico de exportaci\u00f3n por fracci\u00f3n arancelaria de la TIGIE, el cual ser\u00e1 remitido al solicitante a trav\u00e9s de los correos electr\u00f3nicos que autorice para tal efecto.<\/p>\n<p>QUINTO.- La DGFCCE podr\u00e1 solicitar que se exhiba la documentaci\u00f3n respecto a la informaci\u00f3n proporcionada en el formato que se refiere el art\u00edculo Tercero de este instrumento para cotejo, en caso de considerarlo necesario.<\/p>\n<p>SEXTO.- Las autorizaciones emitidas al amparo del presente Acuerdo no eximen del cumplimiento de otros requisitos y dem\u00e1s regulaciones aplicables a la exportaci\u00f3n de las mercanc\u00edas que se encuentren en la aduana de despacho.<\/p>\n<p>S\u00c9PTIMO.- Para todo lo no establecido en el presente Acuerdo, se estar\u00e1 a lo dispuesto en el Acuerdo por el que la Secretar\u00eda de Econom\u00eda emite Reglas y criterios de car\u00e1cter general en materia de comercio exterior, publicado en el Diario Oficial de la Federaci\u00f3n el 9 de mayo de 2022 y sus posteriores modificaciones y dem\u00e1s ordenamientos jur\u00eddicos aplicables.<\/p>\n<h2>Excepciones<\/h2>\n<p>En alcance de la Circular emitida sobre Implementaci\u00f3n del Requisito de Aviso Autom\u00e1tico de Exportaci\u00f3n del Tequila, hacemos de su conocimiento que, con base en una pr\u00f3rroga que se publicar\u00e1 hoy en el SNICE, la disposici\u00f3n del aviso autom\u00e1tico de exportaci\u00f3n para el Tequila quedar\u00e1 sin efecto.<\/p>\n<p>Las exportaciones de tequila continuar\u00e1n sin la necesidad de tramitar el aviso autom\u00e1tico que se hab\u00eda mencionado previamente. Es decir, las operaciones de exportaci\u00f3n de Tequila seguir\u00e1n bajo el mismo esquema que antes de la publicaci\u00f3n del Acuerdo de aviso autom\u00e1tico.<\/p>\n<h2>Recomendaciones para la solicitud de aviso autom\u00e1tico de exportaci\u00f3n<\/h2>\n<ol style=\"line-height: 1.8;\">\n<li>Toda la informaci\u00f3n electr\u00f3nica se recibir\u00e1 en un horario de 9:00 a las 18:00 horas de lunes a viernes. Para el caso de la informaci\u00f3n recibida de forma electr\u00f3nica despu\u00e9s de las 18:00 horas o en d\u00edas inh\u00e1biles, se considerar\u00e1 presentada al d\u00eda h\u00e1bil siguiente.<\/li>\n<li>El asunto del correo debe ser \u201cSolicitud de Aviso\u201d<\/li>\n<li>Los \u00fanicos archivos adjuntos al correo deben ser:\n<ul>\n<li>Solicitud Excel, nombrado \u201cFORMATO-AAE\u201d<\/li>\n<li>Escrito libre de la regla 1.3.5. del Acuerdo de Reglas, en PDF, nombrado \u201cESCRITO LIBRE\u201d<\/li>\n<li>Documento que acredite su personalidad, en PDF, nombrado \u201cACREDITACION\u201d<\/li>\n<li>Identificaci\u00f3n oficial, en PDF, nombrado \u201cIDENTIFICACION\u201d<\/li>\n<\/ul>\n<\/li>\n<li>El acuse con folio de seguimiento se recibir\u00e1 durante las 24 horas posteriores al env\u00edo del correo de solicitud.<\/li>\n<li>No crear cadenas de correos electr\u00f3nicos.<\/li>\n<\/ol>\n<h2>Motivos por los cuales podr\u00edas no recibir folio de seguimiento<\/h2>\n<ul>\n<li>El nombre del asunto es distinto a \u201cSolicitud de Aviso\u201d.<\/li>\n<li>Los archivos adjuntos no cumplen con el nombre solicitado en las consideraciones.<\/li>\n<li>No se adjunte alguno de los archivos solicitados.<\/li>\n<li>Se enviaron archivos en formatos diferentes a Excel y PDF, tales como ZIP, TXT, JPG, JPEG, WORD, etc.<\/li>\n<\/ul>\n<h2>Llenado del formato Excel<\/h2>\n<ol>\n<li>En un solo Excel puedes ingresar varias solicitudes, considerando que por cada fila se emitir\u00e1 un aviso.<\/li>\n<li>Utilizar \u00fanicamente el formato descargable del SNICE, en la siguiente ruta: SNICE > Medidas no arancelarias > Avisos y Permisos > Tr\u00e1mites > Avisos Autom\u00e1ticos > Exportaci\u00f3n<\/li>\n<li>Para llenar el Excel, consulta la hoja denominada \u201cInstrucciones_llenado\u201d<\/li>\n<li>Antes de enviar el Excel, aseg\u00farate que todas las filas, en la columna de \u201cVALIDACI\u00d3N\u201d, se se\u00f1ale la palabra \u201cCompleta\u201d.<\/li>\n<li>El correo electr\u00f3nico capturado en la columna de \u201cCORREO ELECTR\u00d3NICO\u201d deber\u00e1 ser de la misma cuenta del cual se env\u00eda la solicitud, de lo contrario ser\u00e1 motivo de rechazo.<\/li>\n<\/ol>\n<p>Estaremos informando cualquier actualizaci\u00f3n.<\/p>\n<h2>Comparte esta noticia<\/h2>\n<p><a style=\"display: inline-block; margin-right: 10px;\" href=\"https:\/\/www.facebook.com\/sharer\/sharer.php?u=https:\/\/alow.com.mx\"><br \/>\n  <img decoding=\"async\" style=\"width: 36px; height: 36px;\" src=\"https:\/\/alow.com.mx\/wp-content\/uploads\/2024\/08\/Recurso-1@4x.png\" alt=\"Compartir en Facebook\" \/><br \/>\n<\/a><br \/>\n<a style=\"display: inline-block; margin-right: 10px;\" href=\"https:\/\/www.instagram.com\/\"><br \/>\n  <img decoding=\"async\" style=\"width: 36px; height: 36px;\" src=\"https:\/\/alow.com.mx\/wp-content\/uploads\/2024\/08\/Recurso-2@4x.png\" alt=\"Compartir en Instagram\" \/><br \/>\n<\/a><br \/>\n<a style=\"display: inline-block;\" href=\"https:\/\/www.linkedin.com\/sharing\/share-offsite\/?url=https:\/\/alow.com.mx\"><br \/>\n  <img decoding=\"async\" style=\"width: 36px; height: 36px;\" src=\"https:\/\/alow.com.mx\/wp-content\/uploads\/2024\/08\/Recurso-3@4x.png\" alt=\"Compartir en LinkedIn\" \/><br \/>\n<\/a><\/p>","protected":false},"excerpt":{"rendered":"<p>Acuerdo publicado en el Diario Oficial de la Federaci\u00f3n \u2013 3 de junio 2025 El d\u00eda 3 de junio de 2025, se public\u00f3 en el Diario Oficial de la Federaci\u00f3n un acuerdo que indica la implementaci\u00f3n de cambios normativos en materia de comercio exterior que entrar\u00e1 en vigor el d\u00eda siguiente a su publicaci\u00f3n, es [&hellip;]<\/p>\n","protected":false},"author":4,"featured_media":5583,"comment_status":"open","ping_status":"open","sticky":false,"template":"","format":"standard","meta":{"inline_featured_image":false,"_monsterinsights_skip_tracking":false,"_jetpack_memberships_contains_paid_content":false,"footnotes":""},"categories":[1],"tags":[],"class_list":["post-5575","post","type-post","status-publish","format-standard","has-post-thumbnail","hentry","category-uncategorized"],"aioseo_notices":[],"yoast_head":"<!-- This site is optimized with the Yoast SEO plugin v27.7 - https:\/\/yoast.com\/product\/yoast-seo-wordpress\/ -->\n<title>ACUERDO que sujeta al requisito de aviso autom\u00e1tico de exportaci\u00f3n las mercanc\u00edas que se indican. - Alow Forwarding<\/title>\n<meta name=\"robots\" content=\"index, follow, max-snippet:-1, max-image-preview:large, max-video-preview:-1\" \/>\n<link rel=\"canonical\" href=\"https:\/\/alow.com.mx\/zh\/acuerdo-que-sujeta-al-requisito-de-aviso-automatico-de-exportacion-las-mercancias-que-se-indican\/\" \/>\n<meta property=\"og:locale\" content=\"zh_CN\" \/>\n<meta property=\"og:type\" content=\"article\" \/>\n<meta property=\"og:title\" content=\"ACUERDO que sujeta al requisito de aviso autom\u00e1tico de exportaci\u00f3n las mercanc\u00edas que se indican. - Alow Forwarding\" \/>\n<meta property=\"og:description\" content=\"Acuerdo publicado en el Diario Oficial de la Federaci\u00f3n \u2013 3 de junio 2025 El d\u00eda 3 de junio de 2025, se public\u00f3 en el Diario Oficial de la Federaci\u00f3n un acuerdo que indica la implementaci\u00f3n de cambios normativos en materia de comercio exterior que entrar\u00e1 en vigor el d\u00eda siguiente a su publicaci\u00f3n, es [&hellip;]\" \/>\n<meta property=\"og:url\" content=\"https:\/\/alow.com.mx\/zh\/acuerdo-que-sujeta-al-requisito-de-aviso-automatico-de-exportacion-las-mercancias-que-se-indican\/\" \/>\n<meta property=\"og:site_name\" content=\"Alow Forwarding\" \/>\n<meta property=\"article:published_time\" content=\"2025-06-04T18:52:34+00:00\" \/>\n<meta property=\"article:modified_time\" content=\"2025-06-06T15:50:53+00:00\" \/>\n<meta property=\"og:image\" content=\"https:\/\/alow.com.mx\/wp-content\/uploads\/2025\/06\/12.webp\" \/>\n\t<meta property=\"og:image:width\" content=\"1024\" \/>\n\t<meta property=\"og:image:height\" content=\"576\" \/>\n\t<meta property=\"og:image:type\" content=\"image\/webp\" \/>\n<meta name=\"author\" content=\"Maricel\" \/>\n<meta name=\"twitter:card\" content=\"summary_large_image\" \/>\n<meta name=\"twitter:label1\" content=\"\u4f5c\u8005\" \/>\n\t<meta name=\"twitter:data1\" content=\"Maricel\" \/>\n\t<meta name=\"twitter:label2\" content=\"\u9884\u8ba1\u9605\u8bfb\u65f6\u95f4\" \/>\n\t<meta name=\"twitter:data2\" content=\"7 \u5206\" \/>\n<script type=\"application\/ld+json\" class=\"yoast-schema-graph\">{\"@context\":\"https:\\\/\\\/schema.org\",\"@graph\":[{\"@type\":\"Article\",\"@id\":\"https:\\\/\\\/alow.com.mx\\\/acuerdo-que-sujeta-al-requisito-de-aviso-automatico-de-exportacion-las-mercancias-que-se-indican\\\/#article\",\"isPartOf\":{\"@id\":\"https:\\\/\\\/alow.com.mx\\\/acuerdo-que-sujeta-al-requisito-de-aviso-automatico-de-exportacion-las-mercancias-que-se-indican\\\/\"},\"author\":{\"name\":\"Maricel\",\"@id\":\"https:\\\/\\\/alow.com.mx\\\/en\\\/#\\\/schema\\\/person\\\/26a0909276a608a76d417e715ae69b8d\"},\"headline\":\"ACUERDO que sujeta al requisito de aviso autom\u00e1tico de exportaci\u00f3n las mercanc\u00edas que se indican.\",\"datePublished\":\"2025-06-04T18:52:34+00:00\",\"dateModified\":\"2025-06-06T15:50:53+00:00\",\"mainEntityOfPage\":{\"@id\":\"https:\\\/\\\/alow.com.mx\\\/acuerdo-que-sujeta-al-requisito-de-aviso-automatico-de-exportacion-las-mercancias-que-se-indican\\\/\"},\"wordCount\":1381,\"commentCount\":0,\"image\":{\"@id\":\"https:\\\/\\\/alow.com.mx\\\/acuerdo-que-sujeta-al-requisito-de-aviso-automatico-de-exportacion-las-mercancias-que-se-indican\\\/#primaryimage\"},\"thumbnailUrl\":\"https:\\\/\\\/alow.com.mx\\\/wp-content\\\/uploads\\\/2025\\\/06\\\/12.webp\",\"articleSection\":[\"Uncategorized\"],\"inLanguage\":\"zh-Hans\",\"potentialAction\":[{\"@type\":\"CommentAction\",\"name\":\"Comment\",\"target\":[\"https:\\\/\\\/alow.com.mx\\\/acuerdo-que-sujeta-al-requisito-de-aviso-automatico-de-exportacion-las-mercancias-que-se-indican\\\/#respond\"]}]},{\"@type\":\"WebPage\",\"@id\":\"https:\\\/\\\/alow.com.mx\\\/acuerdo-que-sujeta-al-requisito-de-aviso-automatico-de-exportacion-las-mercancias-que-se-indican\\\/\",\"url\":\"https:\\\/\\\/alow.com.mx\\\/acuerdo-que-sujeta-al-requisito-de-aviso-automatico-de-exportacion-las-mercancias-que-se-indican\\\/\",\"name\":\"ACUERDO que sujeta al requisito de aviso autom\u00e1tico de exportaci\u00f3n las mercanc\u00edas que se indican. - Alow Forwarding\",\"isPartOf\":{\"@id\":\"https:\\\/\\\/alow.com.mx\\\/en\\\/#website\"},\"primaryImageOfPage\":{\"@id\":\"https:\\\/\\\/alow.com.mx\\\/acuerdo-que-sujeta-al-requisito-de-aviso-automatico-de-exportacion-las-mercancias-que-se-indican\\\/#primaryimage\"},\"image\":{\"@id\":\"https:\\\/\\\/alow.com.mx\\\/acuerdo-que-sujeta-al-requisito-de-aviso-automatico-de-exportacion-las-mercancias-que-se-indican\\\/#primaryimage\"},\"thumbnailUrl\":\"https:\\\/\\\/alow.com.mx\\\/wp-content\\\/uploads\\\/2025\\\/06\\\/12.webp\",\"datePublished\":\"2025-06-04T18:52:34+00:00\",\"dateModified\":\"2025-06-06T15:50:53+00:00\",\"author\":{\"@id\":\"https:\\\/\\\/alow.com.mx\\\/en\\\/#\\\/schema\\\/person\\\/26a0909276a608a76d417e715ae69b8d\"},\"breadcrumb\":{\"@id\":\"https:\\\/\\\/alow.com.mx\\\/acuerdo-que-sujeta-al-requisito-de-aviso-automatico-de-exportacion-las-mercancias-que-se-indican\\\/#breadcrumb\"},\"inLanguage\":\"zh-Hans\",\"potentialAction\":[{\"@type\":\"ReadAction\",\"target\":[\"https:\\\/\\\/alow.com.mx\\\/acuerdo-que-sujeta-al-requisito-de-aviso-automatico-de-exportacion-las-mercancias-que-se-indican\\\/\"]}]},{\"@type\":\"ImageObject\",\"inLanguage\":\"zh-Hans\",\"@id\":\"https:\\\/\\\/alow.com.mx\\\/acuerdo-que-sujeta-al-requisito-de-aviso-automatico-de-exportacion-las-mercancias-que-se-indican\\\/#primaryimage\",\"url\":\"https:\\\/\\\/alow.com.mx\\\/wp-content\\\/uploads\\\/2025\\\/06\\\/12.webp\",\"contentUrl\":\"https:\\\/\\\/alow.com.mx\\\/wp-content\\\/uploads\\\/2025\\\/06\\\/12.webp\",\"width\":1024,\"height\":576},{\"@type\":\"BreadcrumbList\",\"@id\":\"https:\\\/\\\/alow.com.mx\\\/acuerdo-que-sujeta-al-requisito-de-aviso-automatico-de-exportacion-las-mercancias-que-se-indican\\\/#breadcrumb\",\"itemListElement\":[{\"@type\":\"ListItem\",\"position\":1,\"name\":\"Home\",\"item\":\"https:\\\/\\\/alow.com.mx\\\/en\\\/\"},{\"@type\":\"ListItem\",\"position\":2,\"name\":\"ACUERDO que sujeta al requisito de aviso autom\u00e1tico de exportaci\u00f3n las mercanc\u00edas que se indican.\"}]},{\"@type\":\"WebSite\",\"@id\":\"https:\\\/\\\/alow.com.mx\\\/en\\\/#website\",\"url\":\"https:\\\/\\\/alow.com.mx\\\/en\\\/\",\"name\":\"Alow Forwarding\",\"description\":\"Connecting Worlds\",\"potentialAction\":[{\"@type\":\"SearchAction\",\"target\":{\"@type\":\"EntryPoint\",\"urlTemplate\":\"https:\\\/\\\/alow.com.mx\\\/en\\\/?s={search_term_string}\"},\"query-input\":{\"@type\":\"PropertyValueSpecification\",\"valueRequired\":true,\"valueName\":\"search_term_string\"}}],\"inLanguage\":\"zh-Hans\"},{\"@type\":\"Person\",\"@id\":\"https:\\\/\\\/alow.com.mx\\\/en\\\/#\\\/schema\\\/person\\\/26a0909276a608a76d417e715ae69b8d\",\"name\":\"Maricel\",\"image\":{\"@type\":\"ImageObject\",\"inLanguage\":\"zh-Hans\",\"@id\":\"https:\\\/\\\/secure.gravatar.com\\\/avatar\\\/7a092771e8e16f43cc505c87d60c9f42ae8e8661142cc463bd88dd6973fce229?s=96&d=mm&r=g\",\"url\":\"https:\\\/\\\/secure.gravatar.com\\\/avatar\\\/7a092771e8e16f43cc505c87d60c9f42ae8e8661142cc463bd88dd6973fce229?s=96&d=mm&r=g\",\"contentUrl\":\"https:\\\/\\\/secure.gravatar.com\\\/avatar\\\/7a092771e8e16f43cc505c87d60c9f42ae8e8661142cc463bd88dd6973fce229?s=96&d=mm&r=g\",\"caption\":\"Maricel\"},\"url\":\"https:\\\/\\\/alow.com.mx\\\/zh\\\/author\\\/maricel\\\/\"}]}<\/script>\n<!-- \/ Yoast SEO plugin. -->","yoast_head_json":{"title":"ACUERDO que sujeta al requisito de aviso autom\u00e1tico de exportaci\u00f3n las mercanc\u00edas que se indican. - Alow Forwarding","robots":{"index":"index","follow":"follow","max-snippet":"max-snippet:-1","max-image-preview":"max-image-preview:large","max-video-preview":"max-video-preview:-1"},"canonical":"https:\/\/alow.com.mx\/zh\/acuerdo-que-sujeta-al-requisito-de-aviso-automatico-de-exportacion-las-mercancias-que-se-indican\/","og_locale":"zh_CN","og_type":"article","og_title":"ACUERDO que sujeta al requisito de aviso autom\u00e1tico de exportaci\u00f3n las mercanc\u00edas que se indican. - Alow Forwarding","og_description":"Acuerdo publicado en el Diario Oficial de la Federaci\u00f3n \u2013 3 de junio 2025 El d\u00eda 3 de junio de 2025, se public\u00f3 en el Diario Oficial de la Federaci\u00f3n un acuerdo que indica la implementaci\u00f3n de cambios normativos en materia de comercio exterior que entrar\u00e1 en vigor el d\u00eda siguiente a su publicaci\u00f3n, es [&hellip;]","og_url":"https:\/\/alow.com.mx\/zh\/acuerdo-que-sujeta-al-requisito-de-aviso-automatico-de-exportacion-las-mercancias-que-se-indican\/","og_site_name":"Alow Forwarding","article_published_time":"2025-06-04T18:52:34+00:00","article_modified_time":"2025-06-06T15:50:53+00:00","og_image":[{"width":1024,"height":576,"url":"https:\/\/alow.com.mx\/wp-content\/uploads\/2025\/06\/12.webp","type":"image\/webp"}],"author":"Maricel","twitter_card":"summary_large_image","twitter_misc":{"\u4f5c\u8005":"Maricel","\u9884\u8ba1\u9605\u8bfb\u65f6\u95f4":"7 \u5206"},"schema":{"@context":"https:\/\/schema.org","@graph":[{"@type":"Article","@id":"https:\/\/alow.com.mx\/acuerdo-que-sujeta-al-requisito-de-aviso-automatico-de-exportacion-las-mercancias-que-se-indican\/#article","isPartOf":{"@id":"https:\/\/alow.com.mx\/acuerdo-que-sujeta-al-requisito-de-aviso-automatico-de-exportacion-las-mercancias-que-se-indican\/"},"author":{"name":"Maricel","@id":"https:\/\/alow.com.mx\/en\/#\/schema\/person\/26a0909276a608a76d417e715ae69b8d"},"headline":"ACUERDO que sujeta al requisito de aviso autom\u00e1tico de exportaci\u00f3n las mercanc\u00edas que se indican.","datePublished":"2025-06-04T18:52:34+00:00","dateModified":"2025-06-06T15:50:53+00:00","mainEntityOfPage":{"@id":"https:\/\/alow.com.mx\/acuerdo-que-sujeta-al-requisito-de-aviso-automatico-de-exportacion-las-mercancias-que-se-indican\/"},"wordCount":1381,"commentCount":0,"image":{"@id":"https:\/\/alow.com.mx\/acuerdo-que-sujeta-al-requisito-de-aviso-automatico-de-exportacion-las-mercancias-que-se-indican\/#primaryimage"},"thumbnailUrl":"https:\/\/alow.com.mx\/wp-content\/uploads\/2025\/06\/12.webp","articleSection":["Uncategorized"],"inLanguage":"zh-Hans","potentialAction":[{"@type":"CommentAction","name":"Comment","target":["https:\/\/alow.com.mx\/acuerdo-que-sujeta-al-requisito-de-aviso-automatico-de-exportacion-las-mercancias-que-se-indican\/#respond"]}]},{"@type":"WebPage","@id":"https:\/\/alow.com.mx\/acuerdo-que-sujeta-al-requisito-de-aviso-automatico-de-exportacion-las-mercancias-que-se-indican\/","url":"https:\/\/alow.com.mx\/acuerdo-que-sujeta-al-requisito-de-aviso-automatico-de-exportacion-las-mercancias-que-se-indican\/","name":"ACUERDO que sujeta al requisito de aviso autom\u00e1tico de exportaci\u00f3n las mercanc\u00edas que se indican. - Alow Forwarding","isPartOf":{"@id":"https:\/\/alow.com.mx\/en\/#website"},"primaryImageOfPage":{"@id":"https:\/\/alow.com.mx\/acuerdo-que-sujeta-al-requisito-de-aviso-automatico-de-exportacion-las-mercancias-que-se-indican\/#primaryimage"},"image":{"@id":"https:\/\/alow.com.mx\/acuerdo-que-sujeta-al-requisito-de-aviso-automatico-de-exportacion-las-mercancias-que-se-indican\/#primaryimage"},"thumbnailUrl":"https:\/\/alow.com.mx\/wp-content\/uploads\/2025\/06\/12.webp","datePublished":"2025-06-04T18:52:34+00:00","dateModified":"2025-06-06T15:50:53+00:00","author":{"@id":"https:\/\/alow.com.mx\/en\/#\/schema\/person\/26a0909276a608a76d417e715ae69b8d"},"breadcrumb":{"@id":"https:\/\/alow.com.mx\/acuerdo-que-sujeta-al-requisito-de-aviso-automatico-de-exportacion-las-mercancias-que-se-indican\/#breadcrumb"},"inLanguage":"zh-Hans","potentialAction":[{"@type":"ReadAction","target":["https:\/\/alow.com.mx\/acuerdo-que-sujeta-al-requisito-de-aviso-automatico-de-exportacion-las-mercancias-que-se-indican\/"]}]},{"@type":"ImageObject","inLanguage":"zh-Hans","@id":"https:\/\/alow.com.mx\/acuerdo-que-sujeta-al-requisito-de-aviso-automatico-de-exportacion-las-mercancias-que-se-indican\/#primaryimage","url":"https:\/\/alow.com.mx\/wp-content\/uploads\/2025\/06\/12.webp","contentUrl":"https:\/\/alow.com.mx\/wp-content\/uploads\/2025\/06\/12.webp","width":1024,"height":576},{"@type":"BreadcrumbList","@id":"https:\/\/alow.com.mx\/acuerdo-que-sujeta-al-requisito-de-aviso-automatico-de-exportacion-las-mercancias-que-se-indican\/#breadcrumb","itemListElement":[{"@type":"ListItem","position":1,"name":"Home","item":"https:\/\/alow.com.mx\/en\/"},{"@type":"ListItem","position":2,"name":"ACUERDO que sujeta al requisito de aviso autom\u00e1tico de exportaci\u00f3n las mercanc\u00edas que se indican."}]},{"@type":"WebSite","@id":"https:\/\/alow.com.mx\/en\/#website","url":"https:\/\/alow.com.mx\/en\/","name":"Alow Forwarding","description":"Connecting Worlds","potentialAction":[{"@type":"SearchAction","target":{"@type":"EntryPoint","urlTemplate":"https:\/\/alow.com.mx\/en\/?s={search_term_string}"},"query-input":{"@type":"PropertyValueSpecification","valueRequired":true,"valueName":"search_term_string"}}],"inLanguage":"zh-Hans"},{"@type":"Person","@id":"https:\/\/alow.com.mx\/en\/#\/schema\/person\/26a0909276a608a76d417e715ae69b8d","name":"Maricel","image":{"@type":"ImageObject","inLanguage":"zh-Hans","@id":"https:\/\/secure.gravatar.com\/avatar\/7a092771e8e16f43cc505c87d60c9f42ae8e8661142cc463bd88dd6973fce229?s=96&d=mm&r=g","url":"https:\/\/secure.gravatar.com\/avatar\/7a092771e8e16f43cc505c87d60c9f42ae8e8661142cc463bd88dd6973fce229?s=96&d=mm&r=g","contentUrl":"https:\/\/secure.gravatar.com\/avatar\/7a092771e8e16f43cc505c87d60c9f42ae8e8661142cc463bd88dd6973fce229?s=96&d=mm&r=g","caption":"Maricel"},"url":"https:\/\/alow.com.mx\/zh\/author\/maricel\/"}]}},"jetpack_featured_media_url":"https:\/\/alow.com.mx\/wp-content\/uploads\/2025\/06\/12.webp","jetpack_sharing_enabled":true,"_links":{"self":[{"href":"https:\/\/alow.com.mx\/zh\/wp-json\/wp\/v2\/posts\/5575","targetHints":{"allow":["GET"]}}],"collection":[{"href":"https:\/\/alow.com.mx\/zh\/wp-json\/wp\/v2\/posts"}],"about":[{"href":"https:\/\/alow.com.mx\/zh\/wp-json\/wp\/v2\/types\/post"}],"author":[{"embeddable":true,"href":"https:\/\/alow.com.mx\/zh\/wp-json\/wp\/v2\/users\/4"}],"replies":[{"embeddable":true,"href":"https:\/\/alow.com.mx\/zh\/wp-json\/wp\/v2\/comments?post=5575"}],"version-history":[{"count":12,"href":"https:\/\/alow.com.mx\/zh\/wp-json\/wp\/v2\/posts\/5575\/revisions"}],"predecessor-version":[{"id":5589,"href":"https:\/\/alow.com.mx\/zh\/wp-json\/wp\/v2\/posts\/5575\/revisions\/5589"}],"wp:featuredmedia":[{"embeddable":true,"href":"https:\/\/alow.com.mx\/zh\/wp-json\/wp\/v2\/media\/5583"}],"wp:attachment":[{"href":"https:\/\/alow.com.mx\/zh\/wp-json\/wp\/v2\/media?parent=5575"}],"wp:term":[{"taxonomy":"category","embeddable":true,"href":"https:\/\/alow.com.mx\/zh\/wp-json\/wp\/v2\/categories?post=5575"},{"taxonomy":"post_tag","embeddable":true,"href":"https:\/\/alow.com.mx\/zh\/wp-json\/wp\/v2\/tags?post=5575"}],"curies":[{"name":"wp","href":"https:\/\/api.w.org\/{rel}","templated":true}]}}