{"id":6128,"date":"2026-03-02T23:24:03","date_gmt":"2026-03-02T23:24:03","guid":{"rendered":"https:\/\/alow.com.mx\/?p=6128"},"modified":"2026-03-02T23:34:32","modified_gmt":"2026-03-02T23:34:32","slug":"tensiones-en-medio-oriente-impacto-global-en-logistica-transporte-aereo-y-maritimo","status":"publish","type":"post","link":"https:\/\/alow.com.mx\/zh\/tensiones-en-medio-oriente-impacto-global-en-logistica-transporte-aereo-y-maritimo\/","title":{"rendered":"Tensiones en Medio Oriente: Impacto Global en Log\u00edstica, Transporte A\u00e9reo y Mar\u00edtimo"},"content":{"rendered":"\t\t<div data-elementor-type=\"wp-post\" data-elementor-id=\"6128\" class=\"elementor elementor-6128\" data-elementor-post-type=\"post\">\n\t\t\t\t\t\t<section class=\"elementor-section elementor-top-section elementor-element elementor-element-3fa9b72 elementor-section-boxed elementor-section-height-default elementor-section-height-default\" data-id=\"3fa9b72\" data-element_type=\"section\" data-e-type=\"section\">\n\t\t\t\t\t\t<div class=\"elementor-container elementor-column-gap-default\">\n\t\t\t\t\t<div class=\"elementor-column elementor-col-100 elementor-top-column elementor-element elementor-element-80ceae4\" data-id=\"80ceae4\" data-element_type=\"column\" data-e-type=\"column\">\n\t\t\t<div class=\"elementor-widget-wrap elementor-element-populated\">\n\t\t\t\t\t\t<div class=\"elementor-element elementor-element-c5003b3 elementor-widget elementor-widget-html\" data-id=\"c5003b3\" data-element_type=\"widget\" data-e-type=\"widget\" data-widget_type=\"html.default\">\n\t\t\t\t<div class=\"elementor-widget-container\">\n\t\t\t\t\t<style>\r\nhtml { scroll-behavior: smooth; }\r\n\r\n\/* ===== Layout ===== *\/\r\n.post-with-toc {\r\n  display: grid;\r\n  grid-template-columns: 260px 1fr;\r\n  gap: 28px;\r\n  align-items: start;\r\n}\r\n\r\n.title-orange {\r\n  color: #d26a00 !important;\r\n}\r\n\r\n\/* ===== Men\u00fa flotante ===== *\/\r\n.toc-float {\r\n  position: sticky;\r\n  top: 90px;\r\n  max-height: calc(100vh - 110px);\r\n  overflow: auto;\r\n  border-left: 3px solid #111;\r\n  padding-left: 14px;\r\n  padding-right: 10px;\r\n  scrollbar-width: thin;\r\n  scrollbar-color: rgba(17,17,17,.45) rgba(0,0,0,.06);\r\n}\r\n\r\n\/* Chrome \/ Edge \/ Safari Scrollbar *\/\r\n.toc-float::-webkit-scrollbar { width: 10px; }\r\n.toc-float::-webkit-scrollbar-track {\r\n  background: rgba(0,0,0,.05);\r\n  border-radius: 999px;\r\n  margin: 6px 0;\r\n}\r\n.toc-float::-webkit-scrollbar-thumb {\r\n  background: rgba(17,17,17,.38);\r\n  border-radius: 999px;\r\n  border: 2px solid rgba(255,255,255,.85);\r\n}\r\n\r\n\/* Bot\u00f3n traducci\u00f3n *\/\r\n.translate-btn {\r\n  width: 100%;\r\n  margin: 0 0 12px 0;\r\n  padding: 6px 8px;\r\n  font-size: 12px;\r\n  font-weight: 900;\r\n  border: 0;\r\n  border-radius: 10px;\r\n  cursor: pointer;\r\n  background: #d26a00;\r\n  color: #fff;\r\n}\r\n\r\n.toc-title {\r\n  font-size: 13px;\r\n  font-weight: 900;\r\n  letter-spacing: .5px;\r\n  text-transform: uppercase;\r\n  margin-bottom: 10px;\r\n}\r\n\r\n\/* Acorde\u00f3n *\/\r\n.toc-group {\r\n  margin: 0 0 14px 0;\r\n  padding: 0 0 14px 0;\r\n  border-bottom: 1px solid #e6e6e6;\r\n}\r\n.toc-group-btn {\r\n  width: 100%;\r\n  display: flex;\r\n  align-items: center;\r\n  justify-content: space-between;\r\n  gap: 10px;\r\n  border: 0;\r\n  background: transparent;\r\n  padding: 8px 0;\r\n  cursor: pointer;\r\n  font-size: 12px;\r\n  font-weight: 900;\r\n  text-transform: uppercase;\r\n  color: #111;\r\n}\r\n.toc-chevron { transition: transform .2s ease; font-size: 14px; }\r\n.toc-group.is-collapsed .toc-chevron { transform: rotate(-90deg); }\r\n.toc-group ul {\r\n  max-height: 900px;\r\n  overflow: hidden;\r\n  transition: max-height .25s ease, opacity .25s ease;\r\n  list-style: none;\r\n  padding: 0;\r\n  margin: 0;\r\n}\r\n.toc-group.is-collapsed ul { max-height: 0; opacity: 0; }\r\n\r\n.toc-float li { margin: 9px 0; }\r\n.toc-float a {\r\n  text-decoration: none !important;\r\n  color: #111;\r\n  font-weight: 700;\r\n  font-size: 14px;\r\n  display: inline-block;\r\n}\r\n.toc-float a.is-active { font-weight: 900; border-bottom: 2px solid #111; }\r\n\r\n\/* Contenido *\/\r\n.news-container h1 { margin-top: 0; line-height: 1.1; color: #111; }\r\n.news-container h2 { margin-top: 34px; color: #d26a00; font-weight: 900; }\r\n.news-container h3 { margin-top: 26px; color: #111; font-weight: 900; border-left: 3px solid #d26a00; padding-left: 10px; }\r\n.note { border-left: 3px solid #d26a00; padding-left: 12px; margin: 18px 0; font-weight: 700; background: #fdf6ed; padding-top: 10px; padding-bottom: 10px; }\r\n.hero img, .inline-img img { width: 100%; border-radius: 12px; display: block; }\r\n.caption { font-size: 12.5px; color: #666; margin-top: 6px; font-style: italic; }\r\n\r\n\/* Animaci\u00f3n \u00edconos redes sociales *\/\r\n.social-icon {\r\n  transition: transform 0.25s cubic-bezier(.4,2,.6,1), filter 0.25s;\r\n  filter: grayscale(40%) brightness(0.8);\r\n}\r\n.social-icon:hover {\r\n  transform: scale(1.18) rotate(-8deg);\r\n  filter: grayscale(0%) brightness(1.1) drop-shadow(0 2px 8px #d26a0033);\r\n}\r\n\r\n\/* Animaci\u00f3n *\/\r\n.reveal { opacity: 0; transform: translateY(15px); transition: all .6s ease; }\r\n.reveal.visible { opacity: 1; transform: translateY(0); }\r\n<\/style>\r\n\r\n<div class=\"post-with-toc\">\r\n\r\n  <nav class=\"toc-float\" aria-label=\"Tabla de contenidos\">\r\n    <button id=\"translate-btn\" type=\"button\" class=\"translate-btn\">English<\/button>\r\n    <div class=\"toc-title\">Reporte Log\u00edstico<\/div>\r\n    <ul style=\"list-style:none; padding:0; margin:0;\">\r\n      <li><a href=\"#m1_top\">Inicio<\/a><\/li>\r\n      <li><a href=\"#m1_ormuz\">Estrecho de Ormuz<\/a><\/li>\r\n      <li><a href=\"#m1_petroleo\">Precios del Petr\u00f3leo<\/a><\/li>\r\n      <li><a href=\"#m2_top\">Impacto en Carga A\u00e9rea<\/a><\/li>\r\n      <li><a href=\"#m2_rutas\">Cambios en Rutas<\/a><\/li>\r\n      <li><a href=\"#m3_top\">Impacto Mar\u00edtimo<\/a><\/li>\r\n      <li><a href=\"#m3_suministro\">Transporte Mar\u00edtimo<\/a><\/li>\r\n      <li><a href=\"#m4_recomendaciones\">Recomendaciones<\/a><\/li>\r\n    <\/ul>\r\n    <a class=\"toc-top\" href=\"#m1_top\">\u2b06 Volver al inicio<\/a>\r\n  <\/nav>\r\n\r\n  <article class=\"news-container\" id=\"noticia-es\">\r\n\r\n    <h1 id=\"m1_top\" class=\"reveal title-orange\">\r\n      Actualizaci\u00f3n log\u00edstica internacional: tensiones en Medio Oriente impactan transporte a\u00e9reo y mar\u00edtimo\r\n    <\/h1>\r\n    <!--\r\n    <div class=\"hero reveal\">\r\n      <img decoding=\"async\" src=\"https:\/\/alow.com.mx\/wp-content\/uploads\/2026\/03\/Imagen1.png\" alt=\"Mapa log\u00edstico internacional\">\r\n      <div class=\"caption\">Mapa log\u00edstico internacional actualizado a marzo 2026.<\/div>\r\n    <\/div>\r\n    -->\r\n    <div class=\"hero reveal\">\r\n      <img decoding=\"async\" src=\"https:\/\/alow.com.mx\/wp-content\/uploads\/2026\/03\/unnamed-1.jpg\" alt=\"Buque y log\u00edstica mar\u00edtima\">\r\n      <div class=\"caption\">Buque y log\u00edstica mar\u00edtima en contexto de crisis.<\/div>\r\n    <\/div>\r\n    <div class=\"hero reveal\">\r\n      <img decoding=\"async\" src=\"https:\/\/alow.com.mx\/wp-content\/uploads\/2026\/03\/unnamed.jpg\" alt=\"Buque y log\u00edstica mar\u00edtima 2\">\r\n      <div class=\"caption\">Buque y log\u00edstica mar\u00edtima, vista alternativa.<\/div>\r\n    <\/div>\r\n\r\n    <p class=\"reveal\">\r\n      Durante el fin de semana se intensificaron las tensiones geopol\u00edticas en Medio Oriente, particularmente relacionadas con el conflicto entre Estados Unidos e Ir\u00e1n, lo que comienza a generar efectos importantes en la cadena de suministro global, el transporte a\u00e9reo de carga y el comercio mar\u00edtimo internacional.\r\n    <\/p>\r\n\r\n    <h2 id=\"m1_ormuz\" class=\"reveal\">El Estrecho de Ormuz bajo la mira<\/h2>\r\n    <p class=\"reveal\">\r\n      Uno de los puntos m\u00e1s sensibles es el Estrecho de Ormuz, una de las rutas energ\u00e9ticas y comerciales m\u00e1s estrat\u00e9gicas del mundo, por donde transita una parte significativa del comercio energ\u00e9tico global. Tras los recientes ataques en la regi\u00f3n, se han registrado restricciones operativas y reportes de embarcaciones detenidas, lo que ha incrementado la incertidumbre en los mercados internacionales.\r\n    <\/p>\r\n\r\n    <h2 id=\"m1_petroleo\" class=\"reveal\">Aumento en el precio del petr\u00f3leo y presi\u00f3n sobre la log\u00edstica global<\/h2>\r\n    <p class=\"reveal\">\r\n      En los \u00faltimos d\u00edas, el precio del crudo Brent ha registrado un incremento cercano al 10%, alcanzando niveles aproximados de 79 USD por barril, seg\u00fan datos de mercado reportados por medios financieros internacionales. Especialistas del sector energ\u00e9tico se\u00f1alan que, si la situaci\u00f3n contin\u00faa sin mediaci\u00f3n diplom\u00e1tica, el precio del petr\u00f3leo podr\u00eda superar los USD 110 por barril antes de que finalice marzo, lo que incrementar\u00eda los costos log\u00edsticos globales, particularmente en transporte a\u00e9reo y mar\u00edtimo debido al impacto directo en el combustible. Asimismo, analistas destacan que la postura de China podr\u00eda influir en la evoluci\u00f3n del escenario, debido a su alta dependencia del comercio internacional y su papel clave en las cadenas de suministro globales.\r\n    <\/p>\r\n\r\n    <div class=\"note reveal\">\r\n      El alza del petr\u00f3leo incrementa los costos log\u00edsticos globales, impactando directamente en el recargo de combustible (BAF\/FSC) y presionando a las empresas a ajustar sus estrategias de transporte y abastecimiento.\r\n    <\/div>\r\n\r\n    <hr class=\"section-divider\">\r\n\r\n    <h1 id=\"m2_top\" class=\"reveal title-orange\">Impacto directo en operaciones de carga a\u00e9rea<\/h1>\r\n    <p class=\"reveal\">\r\n      La situaci\u00f3n actual ya est\u00e1 generando ajustes operativos en m\u00faltiples aerol\u00edneas internacionales y en la planificaci\u00f3n log\u00edstica global. Entre las principales afectaciones reportadas se encuentran:\r\n    <\/p>\r\n    <ul class=\"reveal\">\r\n      <li>Cancelaci\u00f3n de vuelos hacia Medio Oriente en aeronaves de pasajeros y cargueros.<\/li>\r\n      <li>Suspensi\u00f3n temporal de operaciones en algunas rutas por parte de aerol\u00edneas como DHL Aviation, Lufthansa Cargo, Turkish Cargo, British Airways, Air France y Cargolux.<\/li>\r\n      <li>Rechazo temporal de nuevas reservas hacia algunos destinos.<\/li>\r\n      <li>Procesos de retorno de carga que se encontraba en tr\u00e1nsito.<\/li>\r\n    <\/ul>\r\n    <p class=\"reveal\">\r\n      Asimismo, aerol\u00edneas clave del Golfo como Emirates SkyCargo y Qatar Airways Cargo han registrado suspensiones hacia sus hubs principales en Dub\u00e1i y Doha, lo que impacta la conectividad global. Esto es especialmente relevante para Am\u00e9rica Latina, ya que estas aerol\u00edneas funcionan como hubs estrat\u00e9gicos de conexi\u00f3n hacia Asia, India, Ocean\u00eda, \u00c1frica y Europa.\r\n    <\/p>\r\n\r\n    <h2 id=\"m2_rutas\" class=\"reveal\">Cambios en rutas a\u00e9reas y aumento en costos log\u00edsticos<\/h2>\r\n    <p class=\"reveal\">\r\n      Para evitar zonas consideradas de riesgo o espacio a\u00e9reo restringido, varias aerol\u00edneas est\u00e1n modificando sus rutas habituales. Estos ajustes implican rutas m\u00e1s largas, mayor consumo de combustible, reducci\u00f3n en capacidad de carga (payload), incremento en tarifas de transporte y aumento en tiempos de tr\u00e1nsito. Entre los destinos que podr\u00edan experimentar mayores impactos desde Europa se encuentran India, Sudeste Asi\u00e1tico y Ocean\u00eda. Adem\u00e1s, la volatilidad en el costo del combustible est\u00e1 generando inestabilidad en las tarifas actuales, por lo que el mercado log\u00edstico se encuentra en monitoreo constante.\r\n    <\/p>\r\n\r\n    <hr class=\"section-divider\">\r\n\r\n    <h1 id=\"m3_top\" class=\"reveal title-orange\">Impacto directo en operaciones de transporte mar\u00edtimo<\/h1>\r\n    <div class=\"inline-img reveal\">\r\n      <img decoding=\"async\" src=\"https:\/\/alow.com.mx\/wp-content\/uploads\/2026\/02\/maritime-disruption.jpg\" alt=\"Transporte mar\u00edtimo afectado\">\r\n    <\/div>\r\n\r\n    <h2 id=\"m3_suministro\" class=\"reveal\">Efectos en el transporte mar\u00edtimo internacional<\/h2>\r\n    <p class=\"reveal\">\r\n      La situaci\u00f3n en Medio Oriente tambi\u00e9n est\u00e1 generando efectos importantes en el transporte mar\u00edtimo internacional, especialmente en rutas estrat\u00e9gicas cercanas al Estrecho de Ormuz y el Golfo P\u00e9rsico. De acuerdo con an\u00e1lisis del sector mar\u00edtimo, el conflicto en la regi\u00f3n est\u00e1 profundizando la presi\u00f3n sobre el transporte de contenedores y generando nuevas preocupaciones para el comercio global.\r\n    <\/p>\r\n    <ul class=\"reveal\">\r\n      <li>Incremento en los costos de flete mar\u00edtimo.<\/li>\r\n      <li>Posibles retrasos en rutas comerciales internacionales que conectan Asia, Europa y Medio Oriente.<\/li>\r\n      <li>Mayor riesgo operativo para embarcaciones que transitan por la regi\u00f3n.<\/li>\r\n      <li>Ajustes en itinerarios por parte de navieras.<\/li>\r\n      <li>Incremento en seguros mar\u00edtimos y recargos por riesgo de guerra (war risk surcharges).<\/li>\r\n    <\/ul>\r\n    <p class=\"reveal\">\r\n      Este escenario podr\u00eda generar presi\u00f3n adicional en la disponibilidad de espacio para contenedores y modificar la planificaci\u00f3n log\u00edstica de muchas empresas a nivel global.\r\n    <\/p>\r\n\r\n    <hr class=\"section-divider\">\r\n\r\n    <h1 id=\"m4_recomendaciones\" class=\"reveal title-orange\">Impacto indirecto en la cadena de suministro global y recomendaciones ALOW<\/h1>\r\n    <p class=\"reveal\">\r\n      Adem\u00e1s de las aerol\u00edneas que operan directamente en M\u00e9xico, otras aerol\u00edneas importantes de la regi\u00f3n tambi\u00e9n han registrado afectaciones en sus operaciones, como Etihad Airways y Saudia. Estas aerol\u00edneas desempe\u00f1an un papel clave en la conectividad log\u00edstica entre Europa, Asia y Medio Oriente. Al presentarse cancelaciones o restricciones operativas, la carga que normalmente se transportaba en estas rutas comienza a redistribuirse hacia otras aerol\u00edneas, generando saturaci\u00f3n en diversos lanes log\u00edsticos internacionales. Asimismo, la suspensi\u00f3n de vuelos hacia hubs estrat\u00e9gicos reduce la capacidad global disponible, lo que podr\u00eda generar presi\u00f3n adicional en tarifas y disponibilidad de espacio en el corto plazo.\r\n    <\/p>\r\n    <div class=\"note reveal\">\r\n      Recomendaciones para empresas con operaciones internacionales:\r\n    <\/div>\r\n    <ul class=\"reveal\">\r\n      <li>Planificar env\u00edos con mayor anticipaci\u00f3n.<\/li>\r\n      <li>Considerar posibles incrementos en tarifas log\u00edsticas.<\/li>\r\n      <li>Evaluar rutas alternativas para carga urgente.<\/li>\r\n      <li>Mantener monitoreo constante del mercado internacional.<\/li>\r\n      <li>Contar con asesor\u00eda log\u00edstica especializada.<\/li>\r\n    <\/ul>\r\n    <p class=\"reveal\">\r\n      Nuestro equipo se mantiene monitoreando la evoluci\u00f3n de la situaci\u00f3n y su impacto en la cadena de suministro global para brindar informaci\u00f3n actualizada a nuestros clientes y socios comerciales.\r\n    <\/p>\r\n    <hr class=\"section-divider\">\r\n    <div class=\"reveal\" style=\"text-align:center; margin-top:40px;\">\r\n      <span style=\"font-weight:900; font-size:18px; color:#d26a00;\">S\u00edguenos en redes sociales:<\/span><br><br>\r\n      <a href=\"https:\/\/www.instagram.com\/alowforwarding_mx?igsh=b2wwaWhsd24zMjhh\" target=\"_blank\" style=\"margin:0 12px;\">\r\n        <img decoding=\"async\" class=\"social-icon\" src=\"https:\/\/cdn.jsdelivr.net\/gh\/simple-icons\/simple-icons\/icons\/instagram.svg\" alt=\"Instagram\" style=\"width:32px; height:32px; vertical-align:middle;\">\r\n      <\/a>\r\n      <a href=\"https:\/\/www.facebook.com\/alowmx\/?locale=es_LA\" target=\"_blank\" style=\"margin:0 12px;\">\r\n        <img decoding=\"async\" class=\"social-icon\" src=\"https:\/\/cdn.jsdelivr.net\/gh\/simple-icons\/simple-icons\/icons\/facebook.svg\" alt=\"Facebook\" style=\"width:32px; height:32px; vertical-align:middle;\">\r\n      <\/a>\r\n      <a href=\"https:\/\/www.linkedin.com\/company\/alow-mexico\/posts\/?feedView=all\" target=\"_blank\" style=\"margin:0 12px;\">\r\n        <img decoding=\"async\" class=\"social-icon\" src=\"https:\/\/cdn.jsdelivr.net\/gh\/simple-icons\/simple-icons\/icons\/linkedin.svg\" alt=\"LinkedIn\" style=\"width:32px; height:32px; vertical-align:middle;\">\r\n      <\/a>\r\n    <\/div>\r\n\r\n  <\/article>\r\n  <article class=\"news-container\" id=\"noticia-en\" style=\"display:none\">\r\n    <h1 id=\"m1_top_en\" class=\"reveal title-orange\">\r\n      International Logistics Update: Middle East Tensions Impact Air and Maritime Transport\r\n    <\/h1>\r\n    <!--\r\n    <div class=\"hero reveal\">\r\n      <img decoding=\"async\" src=\"https:\/\/alow.com.mx\/wp-content\/uploads\/2026\/03\/Imagen1.png\" alt=\"International logistics map\">\r\n      <div class=\"caption\">Updated international logistics map as of March 2026.<\/div>\r\n    <\/div>\r\n    -->\r\n    <div class=\"hero reveal\">\r\n      <img decoding=\"async\" src=\"https:\/\/alow.com.mx\/wp-content\/uploads\/2026\/03\/unnamed-1.jpg\" alt=\"Vessel and maritime logistics\">\r\n      <div class=\"caption\">Vessel and maritime logistics in crisis context.<\/div>\r\n    <\/div>\r\n    <div class=\"hero reveal\">\r\n      <img decoding=\"async\" src=\"https:\/\/alow.com.mx\/wp-content\/uploads\/2026\/03\/unnamed.jpg\" alt=\"Vessel and maritime logistics 2\">\r\n      <div class=\"caption\">Vessel and maritime logistics, alternative view.<\/div>\r\n    <\/div>\r\n    <p class=\"reveal\">\r\n      Over the weekend, geopolitical tensions in the Middle East intensified, particularly related to the conflict between the United States and Iran, which is beginning to have significant effects on the global supply chain, air cargo transport, and international maritime trade.\r\n    <\/p>\r\n    <h2 id=\"m1_ormuz_en\" class=\"reveal\">The Strait of Hormuz Under Scrutiny<\/h2>\r\n    <p class=\"reveal\">\r\n      One of the most sensitive points is the Strait of Hormuz, one of the world's most strategic energy and commercial routes, through which a significant portion of global energy trade passes. Following recent attacks in the region, operational restrictions and reports of detained vessels have been recorded, increasing uncertainty in international markets.\r\n    <\/p>\r\n    <h2 id=\"m1_petroleo_en\" class=\"reveal\">Rising Oil Prices and Pressure on Global Logistics<\/h2>\r\n    <p class=\"reveal\">\r\n      In recent days, the price of Brent crude has risen by nearly 10%, reaching approximately USD 79 per barrel, according to market data reported by international financial media. Energy sector specialists indicate that if the situation continues without diplomatic mediation, oil prices could exceed USD 110 per barrel before the end of March, which would increase global logistics costs, particularly in air and maritime transport due to the direct impact on fuel. Analysts also highlight that China's stance could influence the evolution of the scenario, given its high dependence on international trade and its key role in global supply chains.\r\n    <\/p>\r\n    <div class=\"note reveal\">\r\n      The rise in oil prices increases global logistics costs, directly impacting fuel surcharges (BAF\/FSC) and pressuring companies to adjust their transportation and sourcing strategies.\r\n    <\/div>\r\n    <hr class=\"section-divider\">\r\n    <h1 id=\"m2_top_en\" class=\"reveal title-orange\">Direct Impact on Air Cargo Operations<\/h1>\r\n    <p class=\"reveal\">\r\n      The current situation is already causing operational adjustments in multiple international airlines and in global logistics planning. The main reported impacts include:\r\n    <\/p>\r\n    <ul class=\"reveal\">\r\n      <li>Flight cancellations to the Middle East for both passenger and cargo aircraft.<\/li>\r\n      <li>Temporary suspension of operations on some routes by airlines such as DHL Aviation, Lufthansa Cargo, Turkish Cargo, British Airways, Air France, and Cargolux.<\/li>\r\n      <li>Temporary rejection of new bookings to certain destinations.<\/li>\r\n      <li>Return processes for cargo that was in transit.<\/li>\r\n    <\/ul>\r\n    <p class=\"reveal\">\r\n      Additionally, key Gulf airlines such as Emirates SkyCargo and Qatar Airways Cargo have suspended flights to their main hubs in Dubai and Doha, impacting global connectivity. This is especially relevant for Latin America, as these airlines serve as strategic connection hubs to Asia, India, Oceania, Africa, and Europe.\r\n    <\/p>\r\n    <h2 id=\"m2_rutas_en\" class=\"reveal\">Changes in Air Routes and Increased Logistics Costs<\/h2>\r\n    <p class=\"reveal\">\r\n      To avoid areas considered risky or restricted airspace, several airlines are modifying their usual routes. These adjustments mean longer routes, higher fuel consumption, reduced cargo capacity (payload), increased transport rates, and longer transit times. Destinations that could experience the greatest impacts from Europe include India, Southeast Asia, and Oceania. In addition, fuel cost volatility is causing instability in current rates, so the logistics market is under constant monitoring.\r\n    <\/p>\r\n    <hr class=\"section-divider\">\r\n    <h1 id=\"m3_top_en\" class=\"reveal title-orange\">Direct Impact on Maritime Transport Operations<\/h1>\r\n    <div class=\"inline-img reveal\">\r\n      <img decoding=\"async\" src=\"https:\/\/alow.com.mx\/wp-content\/uploads\/2026\/02\/maritime-disruption.jpg\" alt=\"Maritime transport disruption\">\r\n    <\/div>\r\n    <h2 id=\"m3_suministro_en\" class=\"reveal\">Effects on International Maritime Transport<\/h2>\r\n    <p class=\"reveal\">\r\n      The situation in the Middle East is also having significant effects on international maritime transport, especially on strategic routes near the Strait of Hormuz and the Persian Gulf. According to maritime sector analysis, the conflict in the region is deepening pressure on container transport and raising new concerns for global trade.\r\n    <\/p>\r\n    <ul class=\"reveal\">\r\n      <li>Increase in maritime freight costs.<\/li>\r\n      <li>Possible delays on international trade routes connecting Asia, Europe, and the Middle East.<\/li>\r\n      <li>Greater operational risk for vessels transiting the region.<\/li>\r\n      <li>Schedule adjustments by shipping companies.<\/li>\r\n      <li>Increase in marine insurance and war risk surcharges.<\/li>\r\n    <\/ul>\r\n    <p class=\"reveal\">\r\n      This scenario could create additional pressure on container space availability and alter the logistics planning of many companies globally.\r\n    <\/p>\r\n    <hr class=\"section-divider\">\r\n    <h1 id=\"m4_recomendaciones_en\" class=\"reveal title-orange\">Indirect Impact on the Global Supply Chain and ALOW Recommendations<\/h1>\r\n    <p class=\"reveal\">\r\n      In addition to airlines operating directly in Mexico, other major regional airlines have also reported impacts on their operations, such as Etihad Airways and Saudia. These airlines play a key role in logistics connectivity between Europe, Asia, and the Middle East. When cancellations or operational restrictions occur, cargo that was normally transported on these routes begins to be redistributed to other airlines, causing saturation in various international logistics lanes. Likewise, the suspension of flights to strategic hubs reduces the available global capacity, which could put additional pressure on rates and space availability in the short term.\r\n    <\/p>\r\n    <div class=\"note reveal\">\r\n      Recommendations for companies with international operations:\r\n    <\/div>\r\n    <ul class=\"reveal\">\r\n      <li>Plan shipments further in advance.<\/li>\r\n      <li>Consider possible increases in logistics rates.<\/li>\r\n      <li>Evaluate alternative routes for urgent cargo.<\/li>\r\n      <li>Maintain constant monitoring of the international market.<\/li>\r\n      <li>Have specialized logistics advice.<\/li>\r\n    <\/ul>\r\n    <p class=\"reveal\">\r\n      Our team continues to monitor the evolution of the situation and its impact on the global supply chain to provide updated information to our clients and business partners.\r\n    <\/p>\r\n    <hr class=\"section-divider\">\r\n    <div class=\"reveal\" style=\"text-align:center; margin-top:40px;\">\r\n      <span style=\"font-weight:900; font-size:18px; color:#d26a00;\">Follow us on social media:<\/span><br><br>\r\n      <a href=\"https:\/\/www.instagram.com\/alowforwarding\" target=\"_blank\" style=\"margin:0 12px;\">\r\n        <img decoding=\"async\" src=\"https:\/\/cdn.jsdelivr.net\/gh\/simple-icons\/simple-icons\/icons\/instagram.svg\" alt=\"Instagram\" style=\"width:32px; height:32px; vertical-align:middle; filter: grayscale(0%);\">\r\n      <\/a>\r\n      <a href=\"https:\/\/www.facebook.com\/alowforwarding\" target=\"_blank\" style=\"margin:0 12px;\">\r\n        <img decoding=\"async\" src=\"https:\/\/cdn.jsdelivr.net\/gh\/simple-icons\/simple-icons\/icons\/facebook.svg\" alt=\"Facebook\" style=\"width:32px; height:32px; vertical-align:middle; filter: grayscale(0%);\">\r\n      <\/a>\r\n      <a href=\"https:\/\/www.linkedin.com\/company\/alowforwarding\" target=\"_blank\" style=\"margin:0 12px;\">\r\n        <img decoding=\"async\" src=\"https:\/\/cdn.jsdelivr.net\/gh\/simple-icons\/simple-icons\/icons\/linkedin.svg\" alt=\"LinkedIn\" style=\"width:32px; height:32px; vertical-align:middle; filter: grayscale(0%);\">\r\n      <\/a>\r\n    <\/div>\r\n  <\/article>\r\n<\/div>\r\n\r\n<script>\r\ndocument.addEventListener('DOMContentLoaded', () => {\r\n\r\n  \/* Animaci\u00f3n reveal *\/\r\n  const revealEls = document.querySelectorAll('.reveal');\r\n  const observer = new IntersectionObserver((entries) => {\r\n    entries.forEach(entry => {\r\n      if(entry.isIntersecting) entry.target.classList.add('visible');\r\n    });\r\n  }, { threshold: 0.1 });\r\n  revealEls.forEach(el => observer.observe(el));\r\n\r\n  \/* Men\u00fa activo al scroll *\/\r\n  const sections = document.querySelectorAll(\"article h1[id], article h2[id]\");\r\n  const navLinks = document.querySelectorAll(\".toc-float a[href^='#']\");\r\n\r\n  window.addEventListener(\"scroll\", () => {\r\n    let current = \"\";\r\n    sections.forEach(section => {\r\n      if(window.scrollY >= section.offsetTop - 220) current = section.getAttribute(\"id\");\r\n    });\r\n    navLinks.forEach(link => {\r\n      link.classList.remove(\"is-active\");\r\n      if(link.getAttribute(\"href\") === \"#\" + current) link.classList.add(\"is-active\");\r\n    });\r\n  }, { passive: true });\r\n\r\n  \/* Acorde\u00f3n TOC *\/\r\n  const groups = document.querySelectorAll(\".toc-group\");\r\n  groups.forEach(group => {\r\n    const btn = group.querySelector(\".toc-group-btn\");\r\n    btn.addEventListener(\"click\", () => {\r\n      const collapsed = group.classList.toggle(\"is-collapsed\");\r\n      btn.setAttribute(\"aria-expanded\", !collapsed);\r\n    });\r\n  });\r\n\r\n  \/* L\u00f3gica de traducci\u00f3n mejorada *\/\r\n  const btn = document.getElementById('translate-btn');\r\n  let isEnglish = false;\r\n  const noticiaEs = document.getElementById('noticia-es');\r\n  const noticiaEn = document.getElementById('noticia-en');\r\n  btn.addEventListener('click', () => {\r\n    btn.disabled = true;\r\n    btn.textContent = \"...\";\r\n    setTimeout(() => {\r\n      isEnglish = !isEnglish;\r\n      if (isEnglish) {\r\n        noticiaEs.style.display = 'none';\r\n        noticiaEn.style.display = '';\r\n        btn.textContent = \"Espa\u00f1ol\";\r\n      } else {\r\n        noticiaEs.style.display = '';\r\n        noticiaEn.style.display = 'none';\r\n        btn.textContent = \"English\";\r\n      }\r\n      btn.disabled = false;\r\n    }, 350);\r\n  });\r\n});\r\n<\/script>\t\t\t\t<\/div>\n\t\t\t\t<\/div>\n\t\t\t\t\t<\/div>\n\t\t<\/div>\n\t\t\t\t\t<\/div>\n\t\t<\/section>\n\t\t\t\t<\/div>\n\t\t","protected":false},"excerpt":{"rendered":"<p>English Reporte Log\u00edstico Inicio Estrecho de Ormuz Precios del Petr\u00f3leo Impacto en Carga A\u00e9rea Cambios en Rutas Impacto Mar\u00edtimo Transporte Mar\u00edtimo Recomendaciones &#x2b06; Volver al inicio Actualizaci\u00f3n log\u00edstica internacional: tensiones en Medio Oriente impactan transporte a\u00e9reo y mar\u00edtimo Buque y log\u00edstica mar\u00edtima en contexto de crisis. Buque y log\u00edstica mar\u00edtima, vista alternativa. Durante el fin [&hellip;]<\/p>\n","protected":false},"author":4,"featured_media":6130,"comment_status":"open","ping_status":"open","sticky":false,"template":"","format":"standard","meta":{"inline_featured_image":false,"_monsterinsights_skip_tracking":false,"_jetpack_memberships_contains_paid_content":false,"footnotes":""},"categories":[1],"tags":[],"class_list":["post-6128","post","type-post","status-publish","format-standard","has-post-thumbnail","hentry","category-uncategorized"],"aioseo_notices":[],"yoast_head":"<!-- This site is optimized with the Yoast SEO plugin v27.7 - https:\/\/yoast.com\/product\/yoast-seo-wordpress\/ -->\n<title>Tensiones en Medio Oriente: Impacto Global en Log\u00edstica, Transporte A\u00e9reo y Mar\u00edtimo - Alow Forwarding<\/title>\n<meta name=\"robots\" content=\"index, follow, max-snippet:-1, max-image-preview:large, max-video-preview:-1\" \/>\n<link rel=\"canonical\" href=\"https:\/\/alow.com.mx\/zh\/tensiones-en-medio-oriente-impacto-global-en-logistica-transporte-aereo-y-maritimo\/\" \/>\n<meta property=\"og:locale\" content=\"zh_CN\" \/>\n<meta property=\"og:type\" content=\"article\" \/>\n<meta property=\"og:title\" content=\"Tensiones en Medio Oriente: Impacto Global en Log\u00edstica, Transporte A\u00e9reo y Mar\u00edtimo - Alow Forwarding\" \/>\n<meta property=\"og:description\" content=\"English Reporte Log\u00edstico Inicio Estrecho de Ormuz Precios del Petr\u00f3leo Impacto en Carga A\u00e9rea Cambios en Rutas Impacto Mar\u00edtimo Transporte Mar\u00edtimo Recomendaciones &#x2b06; Volver al inicio Actualizaci\u00f3n log\u00edstica internacional: tensiones en Medio Oriente impactan transporte a\u00e9reo y mar\u00edtimo Buque y log\u00edstica mar\u00edtima en contexto de crisis. Buque y log\u00edstica mar\u00edtima, vista alternativa. Durante el fin [&hellip;]\" \/>\n<meta property=\"og:url\" content=\"https:\/\/alow.com.mx\/zh\/tensiones-en-medio-oriente-impacto-global-en-logistica-transporte-aereo-y-maritimo\/\" \/>\n<meta property=\"og:site_name\" content=\"Alow Forwarding\" \/>\n<meta property=\"article:published_time\" content=\"2026-03-02T23:24:03+00:00\" \/>\n<meta property=\"article:modified_time\" content=\"2026-03-02T23:34:32+00:00\" \/>\n<meta property=\"og:image\" content=\"https:\/\/alow.com.mx\/wp-content\/uploads\/2026\/03\/unnamed.jpg\" \/>\n\t<meta property=\"og:image:width\" content=\"1024\" \/>\n\t<meta property=\"og:image:height\" content=\"1024\" \/>\n\t<meta property=\"og:image:type\" content=\"image\/jpeg\" \/>\n<meta name=\"author\" content=\"Maricel\" \/>\n<meta name=\"twitter:card\" content=\"summary_large_image\" \/>\n<meta name=\"twitter:label1\" content=\"\u4f5c\u8005\" \/>\n\t<meta name=\"twitter:data1\" content=\"Maricel\" \/>\n\t<meta name=\"twitter:label2\" content=\"\u9884\u8ba1\u9605\u8bfb\u65f6\u95f4\" \/>\n\t<meta name=\"twitter:data2\" content=\"10 \u5206\" \/>\n<script type=\"application\/ld+json\" class=\"yoast-schema-graph\">{\"@context\":\"https:\\\/\\\/schema.org\",\"@graph\":[{\"@type\":\"Article\",\"@id\":\"https:\\\/\\\/alow.com.mx\\\/tensiones-en-medio-oriente-impacto-global-en-logistica-transporte-aereo-y-maritimo\\\/#article\",\"isPartOf\":{\"@id\":\"https:\\\/\\\/alow.com.mx\\\/tensiones-en-medio-oriente-impacto-global-en-logistica-transporte-aereo-y-maritimo\\\/\"},\"author\":{\"name\":\"Maricel\",\"@id\":\"https:\\\/\\\/alow.com.mx\\\/en\\\/#\\\/schema\\\/person\\\/26a0909276a608a76d417e715ae69b8d\"},\"headline\":\"Tensiones en Medio Oriente: Impacto Global en Log\u00edstica, Transporte A\u00e9reo y Mar\u00edtimo\",\"datePublished\":\"2026-03-02T23:24:03+00:00\",\"dateModified\":\"2026-03-02T23:34:32+00:00\",\"mainEntityOfPage\":{\"@id\":\"https:\\\/\\\/alow.com.mx\\\/tensiones-en-medio-oriente-impacto-global-en-logistica-transporte-aereo-y-maritimo\\\/\"},\"wordCount\":1759,\"commentCount\":0,\"image\":{\"@id\":\"https:\\\/\\\/alow.com.mx\\\/tensiones-en-medio-oriente-impacto-global-en-logistica-transporte-aereo-y-maritimo\\\/#primaryimage\"},\"thumbnailUrl\":\"https:\\\/\\\/alow.com.mx\\\/wp-content\\\/uploads\\\/2026\\\/03\\\/unnamed.jpg\",\"articleSection\":[\"Uncategorized\"],\"inLanguage\":\"zh-Hans\",\"potentialAction\":[{\"@type\":\"CommentAction\",\"name\":\"Comment\",\"target\":[\"https:\\\/\\\/alow.com.mx\\\/tensiones-en-medio-oriente-impacto-global-en-logistica-transporte-aereo-y-maritimo\\\/#respond\"]}]},{\"@type\":\"WebPage\",\"@id\":\"https:\\\/\\\/alow.com.mx\\\/tensiones-en-medio-oriente-impacto-global-en-logistica-transporte-aereo-y-maritimo\\\/\",\"url\":\"https:\\\/\\\/alow.com.mx\\\/tensiones-en-medio-oriente-impacto-global-en-logistica-transporte-aereo-y-maritimo\\\/\",\"name\":\"Tensiones en Medio Oriente: Impacto Global en Log\u00edstica, Transporte A\u00e9reo y Mar\u00edtimo - Alow Forwarding\",\"isPartOf\":{\"@id\":\"https:\\\/\\\/alow.com.mx\\\/en\\\/#website\"},\"primaryImageOfPage\":{\"@id\":\"https:\\\/\\\/alow.com.mx\\\/tensiones-en-medio-oriente-impacto-global-en-logistica-transporte-aereo-y-maritimo\\\/#primaryimage\"},\"image\":{\"@id\":\"https:\\\/\\\/alow.com.mx\\\/tensiones-en-medio-oriente-impacto-global-en-logistica-transporte-aereo-y-maritimo\\\/#primaryimage\"},\"thumbnailUrl\":\"https:\\\/\\\/alow.com.mx\\\/wp-content\\\/uploads\\\/2026\\\/03\\\/unnamed.jpg\",\"datePublished\":\"2026-03-02T23:24:03+00:00\",\"dateModified\":\"2026-03-02T23:34:32+00:00\",\"author\":{\"@id\":\"https:\\\/\\\/alow.com.mx\\\/en\\\/#\\\/schema\\\/person\\\/26a0909276a608a76d417e715ae69b8d\"},\"breadcrumb\":{\"@id\":\"https:\\\/\\\/alow.com.mx\\\/tensiones-en-medio-oriente-impacto-global-en-logistica-transporte-aereo-y-maritimo\\\/#breadcrumb\"},\"inLanguage\":\"zh-Hans\",\"potentialAction\":[{\"@type\":\"ReadAction\",\"target\":[\"https:\\\/\\\/alow.com.mx\\\/tensiones-en-medio-oriente-impacto-global-en-logistica-transporte-aereo-y-maritimo\\\/\"]}]},{\"@type\":\"ImageObject\",\"inLanguage\":\"zh-Hans\",\"@id\":\"https:\\\/\\\/alow.com.mx\\\/tensiones-en-medio-oriente-impacto-global-en-logistica-transporte-aereo-y-maritimo\\\/#primaryimage\",\"url\":\"https:\\\/\\\/alow.com.mx\\\/wp-content\\\/uploads\\\/2026\\\/03\\\/unnamed.jpg\",\"contentUrl\":\"https:\\\/\\\/alow.com.mx\\\/wp-content\\\/uploads\\\/2026\\\/03\\\/unnamed.jpg\",\"width\":1024,\"height\":1024},{\"@type\":\"BreadcrumbList\",\"@id\":\"https:\\\/\\\/alow.com.mx\\\/tensiones-en-medio-oriente-impacto-global-en-logistica-transporte-aereo-y-maritimo\\\/#breadcrumb\",\"itemListElement\":[{\"@type\":\"ListItem\",\"position\":1,\"name\":\"Home\",\"item\":\"https:\\\/\\\/alow.com.mx\\\/en\\\/\"},{\"@type\":\"ListItem\",\"position\":2,\"name\":\"Tensiones en Medio Oriente: Impacto Global en Log\u00edstica, Transporte A\u00e9reo y Mar\u00edtimo\"}]},{\"@type\":\"WebSite\",\"@id\":\"https:\\\/\\\/alow.com.mx\\\/en\\\/#website\",\"url\":\"https:\\\/\\\/alow.com.mx\\\/en\\\/\",\"name\":\"Alow Forwarding\",\"description\":\"Connecting Worlds\",\"potentialAction\":[{\"@type\":\"SearchAction\",\"target\":{\"@type\":\"EntryPoint\",\"urlTemplate\":\"https:\\\/\\\/alow.com.mx\\\/en\\\/?s={search_term_string}\"},\"query-input\":{\"@type\":\"PropertyValueSpecification\",\"valueRequired\":true,\"valueName\":\"search_term_string\"}}],\"inLanguage\":\"zh-Hans\"},{\"@type\":\"Person\",\"@id\":\"https:\\\/\\\/alow.com.mx\\\/en\\\/#\\\/schema\\\/person\\\/26a0909276a608a76d417e715ae69b8d\",\"name\":\"Maricel\",\"image\":{\"@type\":\"ImageObject\",\"inLanguage\":\"zh-Hans\",\"@id\":\"https:\\\/\\\/secure.gravatar.com\\\/avatar\\\/7a092771e8e16f43cc505c87d60c9f42ae8e8661142cc463bd88dd6973fce229?s=96&d=mm&r=g\",\"url\":\"https:\\\/\\\/secure.gravatar.com\\\/avatar\\\/7a092771e8e16f43cc505c87d60c9f42ae8e8661142cc463bd88dd6973fce229?s=96&d=mm&r=g\",\"contentUrl\":\"https:\\\/\\\/secure.gravatar.com\\\/avatar\\\/7a092771e8e16f43cc505c87d60c9f42ae8e8661142cc463bd88dd6973fce229?s=96&d=mm&r=g\",\"caption\":\"Maricel\"},\"url\":\"https:\\\/\\\/alow.com.mx\\\/zh\\\/author\\\/maricel\\\/\"}]}<\/script>\n<!-- \/ Yoast SEO plugin. -->","yoast_head_json":{"title":"Tensiones en Medio Oriente: Impacto Global en Log\u00edstica, Transporte A\u00e9reo y Mar\u00edtimo - Alow Forwarding","robots":{"index":"index","follow":"follow","max-snippet":"max-snippet:-1","max-image-preview":"max-image-preview:large","max-video-preview":"max-video-preview:-1"},"canonical":"https:\/\/alow.com.mx\/zh\/tensiones-en-medio-oriente-impacto-global-en-logistica-transporte-aereo-y-maritimo\/","og_locale":"zh_CN","og_type":"article","og_title":"Tensiones en Medio Oriente: Impacto Global en Log\u00edstica, Transporte A\u00e9reo y Mar\u00edtimo - Alow Forwarding","og_description":"English Reporte Log\u00edstico Inicio Estrecho de Ormuz Precios del Petr\u00f3leo Impacto en Carga A\u00e9rea Cambios en Rutas Impacto Mar\u00edtimo Transporte Mar\u00edtimo Recomendaciones &#x2b06; Volver al inicio Actualizaci\u00f3n log\u00edstica internacional: tensiones en Medio Oriente impactan transporte a\u00e9reo y mar\u00edtimo Buque y log\u00edstica mar\u00edtima en contexto de crisis. Buque y log\u00edstica mar\u00edtima, vista alternativa. Durante el fin [&hellip;]","og_url":"https:\/\/alow.com.mx\/zh\/tensiones-en-medio-oriente-impacto-global-en-logistica-transporte-aereo-y-maritimo\/","og_site_name":"Alow Forwarding","article_published_time":"2026-03-02T23:24:03+00:00","article_modified_time":"2026-03-02T23:34:32+00:00","og_image":[{"width":1024,"height":1024,"url":"https:\/\/alow.com.mx\/wp-content\/uploads\/2026\/03\/unnamed.jpg","type":"image\/jpeg"}],"author":"Maricel","twitter_card":"summary_large_image","twitter_misc":{"\u4f5c\u8005":"Maricel","\u9884\u8ba1\u9605\u8bfb\u65f6\u95f4":"10 \u5206"},"schema":{"@context":"https:\/\/schema.org","@graph":[{"@type":"Article","@id":"https:\/\/alow.com.mx\/tensiones-en-medio-oriente-impacto-global-en-logistica-transporte-aereo-y-maritimo\/#article","isPartOf":{"@id":"https:\/\/alow.com.mx\/tensiones-en-medio-oriente-impacto-global-en-logistica-transporte-aereo-y-maritimo\/"},"author":{"name":"Maricel","@id":"https:\/\/alow.com.mx\/en\/#\/schema\/person\/26a0909276a608a76d417e715ae69b8d"},"headline":"Tensiones en Medio Oriente: Impacto Global en Log\u00edstica, Transporte A\u00e9reo y Mar\u00edtimo","datePublished":"2026-03-02T23:24:03+00:00","dateModified":"2026-03-02T23:34:32+00:00","mainEntityOfPage":{"@id":"https:\/\/alow.com.mx\/tensiones-en-medio-oriente-impacto-global-en-logistica-transporte-aereo-y-maritimo\/"},"wordCount":1759,"commentCount":0,"image":{"@id":"https:\/\/alow.com.mx\/tensiones-en-medio-oriente-impacto-global-en-logistica-transporte-aereo-y-maritimo\/#primaryimage"},"thumbnailUrl":"https:\/\/alow.com.mx\/wp-content\/uploads\/2026\/03\/unnamed.jpg","articleSection":["Uncategorized"],"inLanguage":"zh-Hans","potentialAction":[{"@type":"CommentAction","name":"Comment","target":["https:\/\/alow.com.mx\/tensiones-en-medio-oriente-impacto-global-en-logistica-transporte-aereo-y-maritimo\/#respond"]}]},{"@type":"WebPage","@id":"https:\/\/alow.com.mx\/tensiones-en-medio-oriente-impacto-global-en-logistica-transporte-aereo-y-maritimo\/","url":"https:\/\/alow.com.mx\/tensiones-en-medio-oriente-impacto-global-en-logistica-transporte-aereo-y-maritimo\/","name":"Tensiones en Medio Oriente: Impacto Global en Log\u00edstica, Transporte A\u00e9reo y Mar\u00edtimo - Alow Forwarding","isPartOf":{"@id":"https:\/\/alow.com.mx\/en\/#website"},"primaryImageOfPage":{"@id":"https:\/\/alow.com.mx\/tensiones-en-medio-oriente-impacto-global-en-logistica-transporte-aereo-y-maritimo\/#primaryimage"},"image":{"@id":"https:\/\/alow.com.mx\/tensiones-en-medio-oriente-impacto-global-en-logistica-transporte-aereo-y-maritimo\/#primaryimage"},"thumbnailUrl":"https:\/\/alow.com.mx\/wp-content\/uploads\/2026\/03\/unnamed.jpg","datePublished":"2026-03-02T23:24:03+00:00","dateModified":"2026-03-02T23:34:32+00:00","author":{"@id":"https:\/\/alow.com.mx\/en\/#\/schema\/person\/26a0909276a608a76d417e715ae69b8d"},"breadcrumb":{"@id":"https:\/\/alow.com.mx\/tensiones-en-medio-oriente-impacto-global-en-logistica-transporte-aereo-y-maritimo\/#breadcrumb"},"inLanguage":"zh-Hans","potentialAction":[{"@type":"ReadAction","target":["https:\/\/alow.com.mx\/tensiones-en-medio-oriente-impacto-global-en-logistica-transporte-aereo-y-maritimo\/"]}]},{"@type":"ImageObject","inLanguage":"zh-Hans","@id":"https:\/\/alow.com.mx\/tensiones-en-medio-oriente-impacto-global-en-logistica-transporte-aereo-y-maritimo\/#primaryimage","url":"https:\/\/alow.com.mx\/wp-content\/uploads\/2026\/03\/unnamed.jpg","contentUrl":"https:\/\/alow.com.mx\/wp-content\/uploads\/2026\/03\/unnamed.jpg","width":1024,"height":1024},{"@type":"BreadcrumbList","@id":"https:\/\/alow.com.mx\/tensiones-en-medio-oriente-impacto-global-en-logistica-transporte-aereo-y-maritimo\/#breadcrumb","itemListElement":[{"@type":"ListItem","position":1,"name":"Home","item":"https:\/\/alow.com.mx\/en\/"},{"@type":"ListItem","position":2,"name":"Tensiones en Medio Oriente: Impacto Global en Log\u00edstica, Transporte A\u00e9reo y Mar\u00edtimo"}]},{"@type":"WebSite","@id":"https:\/\/alow.com.mx\/en\/#website","url":"https:\/\/alow.com.mx\/en\/","name":"Alow Forwarding","description":"Connecting Worlds","potentialAction":[{"@type":"SearchAction","target":{"@type":"EntryPoint","urlTemplate":"https:\/\/alow.com.mx\/en\/?s={search_term_string}"},"query-input":{"@type":"PropertyValueSpecification","valueRequired":true,"valueName":"search_term_string"}}],"inLanguage":"zh-Hans"},{"@type":"Person","@id":"https:\/\/alow.com.mx\/en\/#\/schema\/person\/26a0909276a608a76d417e715ae69b8d","name":"Maricel","image":{"@type":"ImageObject","inLanguage":"zh-Hans","@id":"https:\/\/secure.gravatar.com\/avatar\/7a092771e8e16f43cc505c87d60c9f42ae8e8661142cc463bd88dd6973fce229?s=96&d=mm&r=g","url":"https:\/\/secure.gravatar.com\/avatar\/7a092771e8e16f43cc505c87d60c9f42ae8e8661142cc463bd88dd6973fce229?s=96&d=mm&r=g","contentUrl":"https:\/\/secure.gravatar.com\/avatar\/7a092771e8e16f43cc505c87d60c9f42ae8e8661142cc463bd88dd6973fce229?s=96&d=mm&r=g","caption":"Maricel"},"url":"https:\/\/alow.com.mx\/zh\/author\/maricel\/"}]}},"jetpack_featured_media_url":"https:\/\/alow.com.mx\/wp-content\/uploads\/2026\/03\/unnamed.jpg","jetpack_sharing_enabled":true,"_links":{"self":[{"href":"https:\/\/alow.com.mx\/zh\/wp-json\/wp\/v2\/posts\/6128","targetHints":{"allow":["GET"]}}],"collection":[{"href":"https:\/\/alow.com.mx\/zh\/wp-json\/wp\/v2\/posts"}],"about":[{"href":"https:\/\/alow.com.mx\/zh\/wp-json\/wp\/v2\/types\/post"}],"author":[{"embeddable":true,"href":"https:\/\/alow.com.mx\/zh\/wp-json\/wp\/v2\/users\/4"}],"replies":[{"embeddable":true,"href":"https:\/\/alow.com.mx\/zh\/wp-json\/wp\/v2\/comments?post=6128"}],"version-history":[{"count":7,"href":"https:\/\/alow.com.mx\/zh\/wp-json\/wp\/v2\/posts\/6128\/revisions"}],"predecessor-version":[{"id":6141,"href":"https:\/\/alow.com.mx\/zh\/wp-json\/wp\/v2\/posts\/6128\/revisions\/6141"}],"wp:featuredmedia":[{"embeddable":true,"href":"https:\/\/alow.com.mx\/zh\/wp-json\/wp\/v2\/media\/6130"}],"wp:attachment":[{"href":"https:\/\/alow.com.mx\/zh\/wp-json\/wp\/v2\/media?parent=6128"}],"wp:term":[{"taxonomy":"category","embeddable":true,"href":"https:\/\/alow.com.mx\/zh\/wp-json\/wp\/v2\/categories?post=6128"},{"taxonomy":"post_tag","embeddable":true,"href":"https:\/\/alow.com.mx\/zh\/wp-json\/wp\/v2\/tags?post=6128"}],"curies":[{"name":"wp","href":"https:\/\/api.w.org\/{rel}","templated":true}]}}